{"id":3707,"date":"2024-09-06T12:40:51","date_gmt":"2024-09-06T12:40:51","guid":{"rendered":"https:\/\/www.canfrareibiza.com\/?p=3707"},"modified":"2025-12-30T13:10:41","modified_gmt":"2025-12-30T13:10:41","slug":"the-timeless-sabina-the-heart-of-can-frare-and-the-spirit-of-ibiza","status":"publish","type":"post","link":"https:\/\/www.canfrareibiza.com\/ca\/the-timeless-sabina-the-heart-of-can-frare-and-the-spirit-of-ibiza\/","title":{"rendered":"La Sabina intemporal: el cor de Can Frare i l'esperit d'Eivissa"},"content":{"rendered":"<div data-elementor-type=\"wp-post\" data-elementor-id=\"3707\" class=\"elementor elementor-3707\" data-elementor-post-type=\"post\">\n\t\t\t\t<div class=\"elementor-element elementor-element-68c66f3e e-flex e-con-boxed e-con e-parent\" data-id=\"68c66f3e\" data-element_type=\"container\" data-e-type=\"container\">\n\t\t\t\t\t<div class=\"e-con-inner\">\n\t\t\t\t<div class=\"elementor-element elementor-element-594f968d elementor-widget elementor-widget-heading\" data-id=\"594f968d\" data-element_type=\"widget\" data-e-type=\"widget\" data-widget_type=\"heading.default\">\n\t\t\t\t<div class=\"elementor-widget-container\">\n\t\t\t\t\t<h1 class=\"elementor-heading-title elementor-size-default\">La Sabina eterna: <\/h1>\t\t\t\t<\/div>\n\t\t\t\t<\/div>\n\t\t\t\t<div class=\"elementor-element elementor-element-42dc2ba elementor-widget elementor-widget-heading\" data-id=\"42dc2ba\" data-element_type=\"widget\" data-e-type=\"widget\" data-widget_type=\"heading.default\">\n\t\t\t\t<div class=\"elementor-widget-container\">\n\t\t\t\t\t<span class=\"elementor-heading-title elementor-size-default\">El cor de Can Frare i l'esperit d'Eivissa\n<\/span>\t\t\t\t<\/div>\n\t\t\t\t<\/div>\n\t\t\t\t<div class=\"elementor-element elementor-element-ec217c8 elementor-widget elementor-widget-image\" data-id=\"ec217c8\" data-element_type=\"widget\" data-e-type=\"widget\" data-widget_type=\"image.default\">\n\t\t\t\t<div class=\"elementor-widget-container\">\n\t\t\t\t\t\t\t\t\t\t\t\t\t\t\t<img fetchpriority=\"high\" decoding=\"async\" width=\"2000\" height=\"1215\" src=\"https:\/\/d31x18s77gguqi.cloudfront.net\/wp-content\/uploads\/2024\/09\/11172844\/Sabina-Tree-on-Beach.jpg\" class=\"attachment-full size-full wp-image-3708\" alt=\"Sabina Tree on Beach with bright blue sky\" srcset=\"https:\/\/d31x18s77gguqi.cloudfront.net\/wp-content\/uploads\/2024\/09\/11172844\/Sabina-Tree-on-Beach.jpg 2000w, https:\/\/d31x18s77gguqi.cloudfront.net\/wp-content\/uploads\/2024\/09\/11172844\/Sabina-Tree-on-Beach-300x182.webp 300w, https:\/\/d31x18s77gguqi.cloudfront.net\/wp-content\/uploads\/2024\/09\/11172844\/Sabina-Tree-on-Beach-1024x622.webp 1024w, https:\/\/d31x18s77gguqi.cloudfront.net\/wp-content\/uploads\/2024\/09\/11172844\/Sabina-Tree-on-Beach-768x467.webp 768w, https:\/\/d31x18s77gguqi.cloudfront.net\/wp-content\/uploads\/2024\/09\/11172844\/Sabina-Tree-on-Beach-1536x933.webp 1536w, https:\/\/d31x18s77gguqi.cloudfront.net\/wp-content\/uploads\/2024\/09\/11172844\/Sabina-Tree-on-Beach-18x12.webp 18w\" sizes=\"(max-width: 2000px) 100vw, 2000px\" \/>\t\t\t\t\t\t\t\t\t\t\t\t\t\t\t<\/div>\n\t\t\t\t<\/div>\n\t\t\t\t<div class=\"elementor-element elementor-element-3bae1296 elementor-widget elementor-widget-text-editor\" data-id=\"3bae1296\" data-element_type=\"widget\" data-e-type=\"widget\" data-widget_type=\"text-editor.default\">\n\t\t\t\t<div class=\"elementor-widget-container\">\n\t\t\t\t\t\t\t\t\t<p class=\"p1\">En la primera de la nostra s\u00e8rie sobre les plantes importants d'Eivissa, homenatgem l'arbre de la Sabina, una esp\u00e8cie extraordin\u00e0ria que tant ha donat a Can Frare i a la mateixa illa d'Eivissa. Mentre passegeu per les habitacions de la finca, preneu-vos un moment per apreciar la hist\u00f2ria incrustada en cada feix, i la bellesa natural que segueix definint aquest lloc extraordinari.<\/p><p class=\"p1\">Tant si us allotgeu a Can Frare un cap de setmana o una temporada, el llegat de la Sabina formar\u00e0 part de la vostra experi\u00e8ncia, i us enrarar\u00e0 en l'esperit ric i terr\u00f3s d'Eivissa.<\/p>\t\t\t\t\t\t\t\t<\/div>\n\t\t\t\t<\/div>\n\t\t\t\t<div class=\"elementor-element elementor-element-38b4301b elementor-widget elementor-widget-heading\" data-id=\"38b4301b\" data-element_type=\"widget\" data-e-type=\"widget\" data-widget_type=\"heading.default\">\n\t\t\t\t<div class=\"elementor-widget-container\">\n\t\t\t\t\t<h3 class=\"elementor-heading-title elementor-size-default\">L'arbre de la sabina: regal de la natura a Eivissa<\/h3>\t\t\t\t<\/div>\n\t\t\t\t<\/div>\n\t\t\t\t<div class=\"elementor-element elementor-element-9d8cfe0 elementor-widget elementor-widget-text-editor\" data-id=\"9d8cfe0\" data-element_type=\"widget\" data-e-type=\"widget\" data-widget_type=\"text-editor.default\">\n\t\t\t\t<div class=\"elementor-widget-container\">\n\t\t\t\t\t\t\t\t\t<p class=\"p1\">L'arbre de la Sabina, conegut cient\u00edficament com a Juniperus thurifera, \u00e9s un arbre que encarna la bellesa i la resist\u00e8ncia agrestes d'Eivissa. Trobada abundantment a tota l'illa, especialment als voltants de Can Frare, la Sabina \u00e9s molt m\u00e9s que un arbre. \u00c9s un s\u00edmbol de for\u00e7a, resist\u00e8ncia i la profunda connexi\u00f3 entre la terra i la seva gent.<\/p>\t\t\t\t\t\t\t\t<\/div>\n\t\t\t\t<\/div>\n\t\t\t\t<div class=\"elementor-element elementor-element-07891c8 elementor-widget elementor-widget-image\" data-id=\"07891c8\" data-element_type=\"widget\" data-e-type=\"widget\" data-widget_type=\"image.default\">\n\t\t\t\t<div class=\"elementor-widget-container\">\n\t\t\t\t\t\t\t\t\t\t\t\t\t\t\t<img decoding=\"async\" width=\"1024\" height=\"1024\" src=\"https:\/\/d31x18s77gguqi.cloudfront.net\/wp-content\/uploads\/2024\/09\/11172844\/Juniperus-thurifera.jpg\" class=\"attachment-full size-full wp-image-3709\" alt=\"Juniperus thurifera\" srcset=\"https:\/\/d31x18s77gguqi.cloudfront.net\/wp-content\/uploads\/2024\/09\/11172844\/Juniperus-thurifera.jpg 1024w, https:\/\/d31x18s77gguqi.cloudfront.net\/wp-content\/uploads\/2024\/09\/11172844\/Juniperus-thurifera-300x300.webp 300w, https:\/\/d31x18s77gguqi.cloudfront.net\/wp-content\/uploads\/2024\/09\/11172844\/Juniperus-thurifera-150x150.webp 150w, https:\/\/d31x18s77gguqi.cloudfront.net\/wp-content\/uploads\/2024\/09\/11172844\/Juniperus-thurifera-768x768.webp 768w, https:\/\/d31x18s77gguqi.cloudfront.net\/wp-content\/uploads\/2024\/09\/11172844\/Juniperus-thurifera-12x12.webp 12w\" sizes=\"(max-width: 1024px) 100vw, 1024px\" \/>\t\t\t\t\t\t\t\t\t\t\t\t\t\t\t<\/div>\n\t\t\t\t<\/div>\n\t\t\t\t<div class=\"elementor-element elementor-element-5576684 elementor-widget elementor-widget-text-editor\" data-id=\"5576684\" data-element_type=\"widget\" data-e-type=\"widget\" data-widget_type=\"text-editor.default\">\n\t\t\t\t<div class=\"elementor-widget-container\">\n\t\t\t\t\t\t\t\t\t<p class=\"p1\">Aquests arbres s\u00f3n coneguts per la seva longevitat, sovint viuen centenars d'anys. Les branques retor\u00e7ades i nudoses de la Sabina i la fusta densa la converteixen en una pres\u00e8ncia sorprenent al paisatge, dempeus contra els elements. Per\u00f2 el que realment diferencia la Sabina \u00e9s la seva fusta: densa, duradora i impregnada d'una aroma rica i terrosa que evoca l'ess\u00e8ncia del Mediterrani. Aquesta fusta ha estat estimada pels habitants de l'illa durant segles, especialment en la construcci\u00f3 de cases tradicionals eivissencas.<\/p><p class=\"p1\">El poeta espanyol Rafael Alberti recull l'ess\u00e8ncia de l'arbre de la Sabina en el seu vers evocador:<\/p><p class=\"p1\">\u201cSabinas verdes, fuertes sabinas, verdes,<\/p><p class=\"p1\">guardadme entre vuestras ra\u00edces<\/p><p class=\"p1\">cuando todos se vayan.\u201d<\/p><p class=\"p1\">Traducci\u00f3:<\/p><p class=\"p1\">\u201cSabines verdes, Sabines fortes, verdes,<\/p><p class=\"p1\">guarda'm entre les teves arrels<\/p><p class=\"p1\">quan tots els altres marxen\".<\/p><p class=\"p1\">En aquestes l\u00ednies, Alberti reflexiona sobre l'arbre de la Sabina com a s\u00edmbol de for\u00e7a i resili\u00e8ncia, un guardi\u00e0 arrelat a la terra, encara que tota la resta s'esvaeix. Aquesta imatgeria ressona profundament amb el paper que juga Sabina en la vida i el llegat de Can Frare.<\/p>\t\t\t\t\t\t\t\t<\/div>\n\t\t\t\t<\/div>\n\t\t\t\t<div class=\"elementor-element elementor-element-dcba9a0 elementor-widget elementor-widget-heading\" data-id=\"dcba9a0\" data-element_type=\"widget\" data-e-type=\"widget\" data-widget_type=\"heading.default\">\n\t\t\t\t<div class=\"elementor-widget-container\">\n\t\t\t\t\t<h3 class=\"elementor-heading-title elementor-size-default\">Edifici Can Frare: Una hist\u00f2ria arrelada a la terra<\/h3>\t\t\t\t<\/div>\n\t\t\t\t<\/div>\n\t\t\t\t<div class=\"elementor-element elementor-element-7da69ece elementor-widget elementor-widget-text-editor\" data-id=\"7da69ece\" data-element_type=\"widget\" data-e-type=\"widget\" data-widget_type=\"text-editor.default\">\n\t\t\t\t<div class=\"elementor-widget-container\">\n\t\t\t\t\t\t\t\t\t<p>Quan entres a Can Frare, no nom\u00e9s entres a una casa hist\u00f2rica molt ben conservada; esteu entrant en una pe\u00e7a viva de la hist\u00f2ria de l'illa. Les bigues que sostenen la coberta, les mateixes que ho han fet durant generacions, provenien totes dels arbres de la Sabina que creixien al mateix terreny que ara ocupa Can Frare. Aquesta no \u00e9s poca cosa: collir i preparar aquestes bigues va requerir una immensa habilitat, paci\u00e8ncia i una profunda comprensi\u00f3 de l'entorn natural.<\/p>\t\t\t\t\t\t\t\t<\/div>\n\t\t\t\t<\/div>\n\t\t\t\t<div class=\"elementor-element elementor-element-58e05262 elementor-widget elementor-widget-gallery\" data-id=\"58e05262\" data-element_type=\"widget\" data-e-type=\"widget\" data-settings=\"{&quot;gallery_layout&quot;:&quot;justified&quot;,&quot;ideal_row_height&quot;:{&quot;unit&quot;:&quot;px&quot;,&quot;size&quot;:424,&quot;sizes&quot;:[]},&quot;ideal_row_height_mobile&quot;:{&quot;unit&quot;:&quot;px&quot;,&quot;size&quot;:406,&quot;sizes&quot;:[]},&quot;ideal_row_height_laptop&quot;:{&quot;unit&quot;:&quot;px&quot;,&quot;size&quot;:235,&quot;sizes&quot;:[]},&quot;lazyload&quot;:&quot;yes&quot;,&quot;ideal_row_height_widescreen&quot;:{&quot;unit&quot;:&quot;px&quot;,&quot;size&quot;:&quot;&quot;,&quot;sizes&quot;:[]},&quot;ideal_row_height_tablet_extra&quot;:{&quot;unit&quot;:&quot;px&quot;,&quot;size&quot;:150,&quot;sizes&quot;:[]},&quot;ideal_row_height_tablet&quot;:{&quot;unit&quot;:&quot;px&quot;,&quot;size&quot;:150,&quot;sizes&quot;:[]},&quot;ideal_row_height_mobile_extra&quot;:{&quot;unit&quot;:&quot;px&quot;,&quot;size&quot;:150,&quot;sizes&quot;:[]},&quot;gap&quot;:{&quot;unit&quot;:&quot;px&quot;,&quot;size&quot;:10,&quot;sizes&quot;:[]},&quot;gap_widescreen&quot;:{&quot;unit&quot;:&quot;px&quot;,&quot;size&quot;:&quot;&quot;,&quot;sizes&quot;:[]},&quot;gap_laptop&quot;:{&quot;unit&quot;:&quot;px&quot;,&quot;size&quot;:10,&quot;sizes&quot;:[]},&quot;gap_tablet_extra&quot;:{&quot;unit&quot;:&quot;px&quot;,&quot;size&quot;:10,&quot;sizes&quot;:[]},&quot;gap_tablet&quot;:{&quot;unit&quot;:&quot;px&quot;,&quot;size&quot;:10,&quot;sizes&quot;:[]},&quot;gap_mobile_extra&quot;:{&quot;unit&quot;:&quot;px&quot;,&quot;size&quot;:10,&quot;sizes&quot;:[]},&quot;gap_mobile&quot;:{&quot;unit&quot;:&quot;px&quot;,&quot;size&quot;:10,&quot;sizes&quot;:[]},&quot;content_hover_animation&quot;:&quot;fade-in&quot;}\" data-widget_type=\"gallery.default\">\n\t\t\t\t<div class=\"elementor-widget-container\">\n\t\t\t\t\t\t\t<div class=\"elementor-gallery__container\">\n\t\t\t\t\t\t\t<div class=\"e-gallery-item elementor-gallery-item elementor-animated-content\">\n\t\t\t\t\t<div class=\"e-gallery-image elementor-gallery-item__image\" data-thumbnail=\"https:\/\/d31x18s77gguqi.cloudfront.net\/wp-content\/uploads\/2024\/09\/11172844\/Can-Frare-Ibiza-sabina-beams-and-olive-slats-traditional-finca-roof.jpg\" data-width=\"1200\" data-height=\"1600\" aria-label=\"Can Frare Ibiza sabina beams and olive slats traditional finca roof.\" role=\"img\" ><\/div>\n\t\t\t\t\t\t\t\t\t\t\t\t\t\t<\/div>\n\t\t\t\t\t\t\t<div class=\"e-gallery-item elementor-gallery-item elementor-animated-content\">\n\t\t\t\t\t<div class=\"e-gallery-image elementor-gallery-item__image\" data-thumbnail=\"https:\/\/d31x18s77gguqi.cloudfront.net\/wp-content\/uploads\/2024\/09\/11172844\/Can-Frare-Ibiza-sabina-and-olive-traditional-finca-style-wooden-roof.webp\" data-width=\"1600\" data-height=\"1067\" aria-label=\"Can Frare Ibiza sabina and olive traditional finca style wooden roof\" role=\"img\" ><\/div>\n\t\t\t\t\t\t\t\t\t\t\t\t\t\t<\/div>\n\t\t\t\t\t\t\t<div class=\"e-gallery-item elementor-gallery-item elementor-animated-content\">\n\t\t\t\t\t<div class=\"e-gallery-image elementor-gallery-item__image\" data-thumbnail=\"https:\/\/d31x18s77gguqi.cloudfront.net\/wp-content\/uploads\/2024\/09\/11172843\/Can-Frare-Ibiza-polished-cement-bathroom.jpg\" data-width=\"1600\" data-height=\"1067\" aria-label=\"Can Frare Ibiza polished cement bathroom\" role=\"img\" ><\/div>\n\t\t\t\t\t\t\t\t\t\t\t\t\t\t<\/div>\n\t\t\t\t\t\t\t<div class=\"e-gallery-item elementor-gallery-item elementor-animated-content\">\n\t\t\t\t\t<div class=\"e-gallery-image elementor-gallery-item__image\" data-thumbnail=\"https:\/\/d31x18s77gguqi.cloudfront.net\/wp-content\/uploads\/2024\/09\/11172843\/Can-Frare-Ibiza-finca-with-sabina-roof.jpg\" data-width=\"1600\" data-height=\"1067\" aria-label=\"Can Frare Ibiza finca with sabina roof in open plan living dining room\" role=\"img\" ><\/div>\n\t\t\t\t\t\t\t\t\t\t\t\t\t\t<\/div>\n\t\t\t\t\t<\/div>\n\t\t\t\t\t<\/div>\n\t\t\t\t<\/div>\n\t\t\t\t<div class=\"elementor-element elementor-element-665fbff elementor-widget elementor-widget-heading\" data-id=\"665fbff\" data-element_type=\"widget\" data-e-type=\"widget\" data-widget_type=\"heading.default\">\n\t\t\t\t<div class=\"elementor-widget-container\">\n\t\t\t\t\t<h3 class=\"elementor-heading-title elementor-size-default\">La frag\u00e0ncia d'una finca eivissenca: com Sabina d\u00f3na forma a l'atmosfera de Can Frare<\/h3>\t\t\t\t<\/div>\n\t\t\t\t<\/div>\n\t\t\t\t<div class=\"elementor-element elementor-element-8c47f7f elementor-widget elementor-widget-text-editor\" data-id=\"8c47f7f\" data-element_type=\"widget\" data-e-type=\"widget\" data-widget_type=\"text-editor.default\">\n\t\t\t\t<div class=\"elementor-widget-container\">\n\t\t\t\t\t\t\t\t\t<p>L'\u00fas de la fusta de Sabina a la construcci\u00f3 no era nom\u00e9s una q\u00fcesti\u00f3 de comoditat. La decisi\u00f3 de construir amb Sabina estava arrelada en les qualitats \u00faniques de l'arbre. La seva fusta \u00e9s incre\u00efblement resistent a la descomposici\u00f3, la qual cosa la fa ideal per a la durabilitat a llarg termini requerida de les bigues estructurals. A m\u00e9s, l'olor natural de la fusta \u2014una aroma mesc i terrosa\u2014 omple els espais de Can Frare, creant un ambient tan calmant com evocador. Sovint els visitants remarquen l'olor que els rep en entrar a la finca, sense saber que es tracta de la fusta de la Sabina, que respira tranquil\u00b7lament la seva frag\u00e0ncia per tota la llar.<\/p><p>De fet, el nom Juniperus thurifera es tradueix com a \"ginebre productora d'encens\". No \u00e9s casualitat: la fusta de Sabina, quan es crema, produeix un fum fragant que s'ha estimat durant segles en rituals i com a encens natural.<\/p>\t\t\t\t\t\t\t\t<\/div>\n\t\t\t\t<\/div>\n\t\t\t\t<div class=\"elementor-element elementor-element-fb30d07 elementor-widget elementor-widget-heading\" data-id=\"fb30d07\" data-element_type=\"widget\" data-e-type=\"widget\" data-widget_type=\"heading.default\">\n\t\t\t\t<div class=\"elementor-widget-container\">\n\t\t\t\t\t<h3 class=\"elementor-heading-title elementor-size-default\">El llegat de Sabina a Can Frare<\/h3>\t\t\t\t<\/div>\n\t\t\t\t<\/div>\n\t\t\t\t<div class=\"elementor-element elementor-element-2e0f2d9 elementor-widget elementor-widget-text-editor\" data-id=\"2e0f2d9\" data-element_type=\"widget\" data-e-type=\"widget\" data-widget_type=\"text-editor.default\">\n\t\t\t\t<div class=\"elementor-widget-container\">\n\t\t\t\t\t\t\t\t\t<p>Mentre exploreu la finca, notareu que els arbres de Sabina encara es mantenen orgull\u00f3s al voltant de la propietat, la seva pres\u00e8ncia un recordatori de la bellesa natural que ha donat forma a aquesta casa hist\u00f2rica. Aquests arbres continuen creixent, les seves arrels profundes en el mateix s\u00f2l que ha nodrit generacions de la fam\u00edlia Prats.<\/p><p>Avui dia, els arbres de sabina s\u00f3n una esp\u00e8cie protegida a l'illa, protegida de la seva tala per garantir la seva pres\u00e8ncia continuada per a les generacions futures. Tanmateix, de tant en tant les forces de la natura passen factura i, despr\u00e9s d'una gran tempesta, alguns arbres de Sabina poden sucumbir als elements. Quan aix\u00f2 succeeix, retirem respectuosament els arbres caiguts i els transportem al pati de fusta local. All\u00e0, artesans h\u00e0bils netegen i preparen acuradament les bigues, assegurant que fins i tot en mort, la Sabina segueixi contribuint al llegat de l'illa. Aquestes bigues reutilitzades s'utilitzen despr\u00e9s en nous projectes d'edificaci\u00f3, permetent que l'esperit de la Sabina continu\u00ef, connectant el passat amb el futur en un cicle continu de renovaci\u00f3 i respecte.<\/p>\t\t\t\t\t\t\t\t<\/div>\n\t\t\t\t<\/div>\n\t\t\t\t<div class=\"elementor-element elementor-element-c34d179 elementor-widget elementor-widget-image\" data-id=\"c34d179\" data-element_type=\"widget\" data-e-type=\"widget\" data-widget_type=\"image.default\">\n\t\t\t\t<div class=\"elementor-widget-container\">\n\t\t\t\t\t\t\t\t\t\t\t\t\t\t\t<img decoding=\"async\" width=\"1600\" height=\"1200\" src=\"https:\/\/d31x18s77gguqi.cloudfront.net\/wp-content\/uploads\/2024\/09\/11172843\/The-Legacy-of-Sabina-at-Can-Frare-image.jpg\" class=\"attachment-full size-full wp-image-3714\" alt=\"The Legacy of Sabina at Can Frare image, wooden leaning against wall in a mill, men cutting woode\" srcset=\"https:\/\/d31x18s77gguqi.cloudfront.net\/wp-content\/uploads\/2024\/09\/11172843\/The-Legacy-of-Sabina-at-Can-Frare-image.jpg 1600w, https:\/\/d31x18s77gguqi.cloudfront.net\/wp-content\/uploads\/2024\/09\/11172843\/The-Legacy-of-Sabina-at-Can-Frare-image-300x225.webp 300w, https:\/\/d31x18s77gguqi.cloudfront.net\/wp-content\/uploads\/2024\/09\/11172843\/The-Legacy-of-Sabina-at-Can-Frare-image-1024x768.webp 1024w, https:\/\/d31x18s77gguqi.cloudfront.net\/wp-content\/uploads\/2024\/09\/11172843\/The-Legacy-of-Sabina-at-Can-Frare-image-768x576.webp 768w, https:\/\/d31x18s77gguqi.cloudfront.net\/wp-content\/uploads\/2024\/09\/11172843\/The-Legacy-of-Sabina-at-Can-Frare-image-1536x1152.webp 1536w, https:\/\/d31x18s77gguqi.cloudfront.net\/wp-content\/uploads\/2024\/09\/11172843\/The-Legacy-of-Sabina-at-Can-Frare-image-16x12.webp 16w\" sizes=\"(max-width: 1600px) 100vw, 1600px\" \/>\t\t\t\t\t\t\t\t\t\t\t\t\t\t\t<\/div>\n\t\t\t\t<\/div>\n\t\t\t\t<div class=\"elementor-element elementor-element-e7779a6 elementor-widget elementor-widget-heading\" data-id=\"e7779a6\" data-element_type=\"widget\" data-e-type=\"widget\" data-widget_type=\"heading.default\">\n\t\t\t\t<div class=\"elementor-widget-container\">\n\t\t\t\t\t<h3 class=\"elementor-heading-title elementor-size-default\">Viu el llegat de Sabina a Can Frare<\/h3>\t\t\t\t<\/div>\n\t\t\t\t<\/div>\n\t\t\t\t<div class=\"elementor-element elementor-element-bc9fb67 elementor-widget elementor-widget-text-editor\" data-id=\"bc9fb67\" data-element_type=\"widget\" data-e-type=\"widget\" data-widget_type=\"text-editor.default\">\n\t\t\t\t<div class=\"elementor-widget-container\">\n\t\t\t\t\t\t\t\t\t<p class=\"p1\">Vine a explorar Can Frare, on el llegat de l'arbre de la Sabina \u00e9s viu a cada feix. Submergeix-te en l'esperit ric i terr\u00f3s d'Eivissa i experimenta de primera m\u00e0 com la hist\u00f2ria i la natura s'uneixen per crear un ambient realment \u00fanic. Tant si busqueu un refugi ser\u00e8 de cap de setmana com una estada m\u00e9s llarga, la pres\u00e8ncia de la Sabina far\u00e0 que la vostra visita sigui inoblidable.<\/p>\t\t\t\t\t\t\t\t<\/div>\n\t\t\t\t<\/div>\n\t\t\t\t<div class=\"elementor-element elementor-element-042bf22 elementor-widget elementor-widget-html\" data-id=\"042bf22\" data-element_type=\"widget\" data-e-type=\"widget\" data-widget_type=\"html.default\">\n\t\t\t\t<div class=\"elementor-widget-container\">\n\t\t\t\t\t<script type=\"application\/ld+json\">{\n    \"@context\": \"https:\\\/\\\/schema.org\",\n    \"@type\": \"Article\",\n    \"headline\": \"The Timeless Sabina: The Heart of Can Frare and the Spirit of Ibiza\",\n    \"description\": \"Discover the ancient sabina tree, an iconic symbol of Ibiza's natural heritage and the spiritual heart of Can Frare, embodying resilience, beauty, and timeless Mediterranean character.\",\n    \"image\": \"https:\\\/\\\/d31x18s77gguqi.cloudfront.net\\\/wp-content\\\/uploads\\\/2024\\\/09\\\/11172844\\\/Sabina-Tree-on-Beach.jpg\",\n    \"author\": {\n        \"@type\": \"Organization\",\n        \"name\": \"Can Frare Ibiza\"\n    },\n    \"publisher\": {\n        \"@type\": \"Organization\",\n        \"name\": \"Can Frare Ibiza\",\n        \"logo\": {\n            \"@type\": \"ImageObject\",\n            \"url\": \"https:\\\/\\\/d31x18s77gguqi.cloudfront.net\\\/wp-content\\\/uploads\\\/2022\\\/04\\\/11172922\\\/Can-Frare-Ibiza-Logo.png\"\n        }\n    },\n    \"datePublished\": \"2024-09-06T12:40:00+00:00\",\n    \"dateModified\": \"2024-09-06T12:40:00+00:00\",\n    \"mainEntityOfPage\": {\n        \"@type\": \"WebPage\",\n        \"@id\": \"https:\\\/\\\/www.canfrareibiza.com\\\/the-timeless-sabina-the-heart-of-can-frare-and-the-spirit-of-ibiza\\\/\"\n    },\n    \"keywords\": \"sabina tree Ibiza, juniper tree, Ibiza nature, Mediterranean trees, Can Frare heritage, Ibizan landscape, ancient trees, natural heritage Ibiza\",\n    \"articleSection\": \"Nature and Scenery\",\n    \"articleBody\": \"The sabina tree stands as a timeless symbol of Ibiza's natural spirit and the heart of Can Frare. Explore the history, significance, and unique beauty of these ancient juniper trees that have shaped the island's landscape and cultural identity for centuries.\"\n}<\/script>\t\t\t\t<\/div>\n\t\t\t\t<\/div>\n\t\t\t\t<div class=\"elementor-element elementor-element-2d6faca7 elementor-post-navigation-borders-yes elementor-widget elementor-widget-post-navigation\" data-id=\"2d6faca7\" data-element_type=\"widget\" data-e-type=\"widget\" data-widget_type=\"post-navigation.default\">\n\t\t\t\t<div class=\"elementor-widget-container\">\n\t\t\t\t\t\t\t<div class=\"elementor-post-navigation\" role=\"navigation\" aria-label=\"Post Navigation\">\n\t\t\t<div class=\"elementor-post-navigation__prev elementor-post-navigation__link\">\n\t\t\t\t<a href=\"https:\/\/www.canfrareibiza.com\/ca\/the-name-behind-the-legacy-understanding-can-frare\/\" rel=\"prev\"><span class=\"post-navigation__arrow-wrapper post-navigation__arrow-prev\"><svg aria-hidden=\"true\" class=\"e-font-icon-svg e-fas-angle-left\" viewbox=\"0 0 256 512\" xmlns=\"http:\/\/www.w3.org\/2000\/svg\"><path d=\"M31.7 239l136-136c9.4-9.4 24.6-9.4 33.9 0l22.6 22.6c9.4 9.4 9.4 24.6 0 33.9L127.9 256l96.4 96.4c9.4 9.4 9.4 24.6 0 33.9L201.7 409c-9.4 9.4-24.6 9.4-33.9 0l-136-136c-9.5-9.4-9.5-24.6-.1-34z\"><\/path><\/svg><span class=\"elementor-screen-only\">Prev<\/span><\/span><span class=\"elementor-post-navigation__link__prev\"><span class=\"post-navigation__prev--label\">Anterior<\/span><span class=\"post-navigation__prev--title\">El nom darrere del llegat: entendre \"Can Frare\"<\/span><\/span><\/a>\t\t\t<\/div>\n\t\t\t\t\t\t\t<div class=\"elementor-post-navigation__separator-wrapper\">\n\t\t\t\t\t<div class=\"elementor-post-navigation__separator\"><\/div>\n\t\t\t\t<\/div>\n\t\t\t\t\t\t<div class=\"elementor-post-navigation__next elementor-post-navigation__link\">\n\t\t\t\t<a href=\"https:\/\/www.canfrareibiza.com\/ca\/the-sea-at-ibiza-calming-crystal-waters\/\" rel=\"next\"><span class=\"elementor-post-navigation__link__next\"><span class=\"post-navigation__next--label\">Pr\u00f2xim<\/span><span class=\"post-navigation__next--title\">El mar a Eivissa: aig\u00fces cristal\u00b7lines calmants<\/span><\/span><span class=\"post-navigation__arrow-wrapper post-navigation__arrow-next\"><svg aria-hidden=\"true\" class=\"e-font-icon-svg e-fas-angle-right\" viewbox=\"0 0 256 512\" xmlns=\"http:\/\/www.w3.org\/2000\/svg\"><path d=\"M224.3 273l-136 136c-9.4 9.4-24.6 9.4-33.9 0l-22.6-22.6c-9.4-9.4-9.4-24.6 0-33.9l96.4-96.4-96.4-96.4c-9.4-9.4-9.4-24.6 0-33.9L54.3 103c9.4-9.4 24.6-9.4 33.9 0l136 136c9.5 9.4 9.5 24.6.1 34z\"><\/path><\/svg><span class=\"elementor-screen-only\">Pr\u00f2xim<\/span><\/span><\/a>\t\t\t<\/div>\n\t\t<\/div>\n\t\t\t\t\t\t<\/div>\n\t\t\t\t<\/div>\n\t\t\t\t\t<\/div>\n\t\t\t\t<\/div>\n\t\t\t\t<\/div>","protected":false},"excerpt":{"rendered":"<p>En la primera de la nostra s\u00e8rie sobre les plantes importants d'Eivissa, homenatgem l'arbre de la Sabina, una esp\u00e8cie extraordin\u00e0ria que tant ha donat a Can Frare i a la mateixa illa d'Eivissa. Mentre passegeu per les habitacions de la finca, preneu-vos un moment per apreciar la hist\u00f2ria incrustada en cada feix, i la bellesa natural que segueix definint aquest lloc extraordinari.<\/p>","protected":false},"author":1,"featured_media":3708,"comment_status":"closed","ping_status":"closed","sticky":false,"template":"elementor_header_footer","format":"standard","meta":{"footnotes":""},"categories":[29,7],"tags":[],"class_list":["post-3707","post","type-post","status-publish","format-standard","has-post-thumbnail","hentry","category-nature-and-scenery","category-news"],"_links":{"self":[{"href":"https:\/\/www.canfrareibiza.com\/ca\/wp-json\/wp\/v2\/posts\/3707","targetHints":{"allow":["GET"]}}],"collection":[{"href":"https:\/\/www.canfrareibiza.com\/ca\/wp-json\/wp\/v2\/posts"}],"about":[{"href":"https:\/\/www.canfrareibiza.com\/ca\/wp-json\/wp\/v2\/types\/post"}],"author":[{"embeddable":true,"href":"https:\/\/www.canfrareibiza.com\/ca\/wp-json\/wp\/v2\/users\/1"}],"replies":[{"embeddable":true,"href":"https:\/\/www.canfrareibiza.com\/ca\/wp-json\/wp\/v2\/comments?post=3707"}],"version-history":[{"count":0,"href":"https:\/\/www.canfrareibiza.com\/ca\/wp-json\/wp\/v2\/posts\/3707\/revisions"}],"wp:featuredmedia":[{"embeddable":true,"href":"https:\/\/www.canfrareibiza.com\/ca\/wp-json\/wp\/v2\/media\/3708"}],"wp:attachment":[{"href":"https:\/\/www.canfrareibiza.com\/ca\/wp-json\/wp\/v2\/media?parent=3707"}],"wp:term":[{"taxonomy":"category","embeddable":true,"href":"https:\/\/www.canfrareibiza.com\/ca\/wp-json\/wp\/v2\/categories?post=3707"},{"taxonomy":"post_tag","embeddable":true,"href":"https:\/\/www.canfrareibiza.com\/ca\/wp-json\/wp\/v2\/tags?post=3707"}],"curies":[{"name":"wp","href":"https:\/\/api.w.org\/{rel}","templated":true}]}}