{"id":3715,"date":"2024-09-06T16:07:24","date_gmt":"2024-09-06T16:07:24","guid":{"rendered":"https:\/\/www.canfrareibiza.com\/?p=3715"},"modified":"2026-01-04T09:51:36","modified_gmt":"2026-01-04T09:51:36","slug":"the-sea-at-ibiza-calming-crystal-waters","status":"publish","type":"post","link":"https:\/\/www.canfrareibiza.com\/ca\/the-sea-at-ibiza-calming-crystal-waters\/","title":{"rendered":"El mar a Eivissa: aig\u00fces cristal\u00b7lines calmants"},"content":{"rendered":"<div data-elementor-type=\"wp-post\" data-elementor-id=\"3715\" class=\"elementor elementor-3715\" data-elementor-post-type=\"post\">\n\t\t\t\t<div class=\"elementor-element elementor-element-4b95a5 e-flex e-con-boxed e-con e-parent\" data-id=\"4b95a5\" data-element_type=\"container\" data-e-type=\"container\">\n\t\t\t\t\t<div class=\"e-con-inner\">\n\t\t\t\t<div class=\"elementor-element elementor-element-f6898be elementor-widget elementor-widget-theme-post-featured-image elementor-widget-image\" data-id=\"f6898be\" data-element_type=\"widget\" data-e-type=\"widget\" data-widget_type=\"theme-post-featured-image.default\">\n\t\t\t\t<div class=\"elementor-widget-container\">\n\t\t\t\t\t\t\t\t\t\t\t\t\t\t\t<img fetchpriority=\"high\" decoding=\"async\" width=\"800\" height=\"486\" src=\"https:\/\/d31x18s77gguqi.cloudfront.net\/wp-content\/uploads\/2024\/09\/11172842\/Ibiza-cystal-clear-water-1024x622.webp\" class=\"attachment-large size-large wp-image-3716\" alt=\"Ibiza crystal clear water with small boat above the water\" srcset=\"https:\/\/d31x18s77gguqi.cloudfront.net\/wp-content\/uploads\/2024\/09\/11172842\/Ibiza-cystal-clear-water-1024x622.webp 1024w, https:\/\/d31x18s77gguqi.cloudfront.net\/wp-content\/uploads\/2024\/09\/11172842\/Ibiza-cystal-clear-water-300x182.webp 300w, https:\/\/d31x18s77gguqi.cloudfront.net\/wp-content\/uploads\/2024\/09\/11172842\/Ibiza-cystal-clear-water-768x467.webp 768w, https:\/\/d31x18s77gguqi.cloudfront.net\/wp-content\/uploads\/2024\/09\/11172842\/Ibiza-cystal-clear-water-1536x933.webp 1536w, https:\/\/d31x18s77gguqi.cloudfront.net\/wp-content\/uploads\/2024\/09\/11172842\/Ibiza-cystal-clear-water-18x12.webp 18w, https:\/\/d31x18s77gguqi.cloudfront.net\/wp-content\/uploads\/2024\/09\/11172842\/Ibiza-cystal-clear-water.jpg 2000w\" sizes=\"(max-width: 800px) 100vw, 800px\" \/>\t\t\t\t\t\t\t\t\t\t\t\t\t\t\t<\/div>\n\t\t\t\t<\/div>\n\t\t\t\t<div class=\"elementor-element elementor-element-419d444a elementor-widget elementor-widget-heading\" data-id=\"419d444a\" data-element_type=\"widget\" data-e-type=\"widget\" data-widget_type=\"heading.default\">\n\t\t\t\t<div class=\"elementor-widget-container\">\n\t\t\t\t\t<h1 class=\"elementor-heading-title elementor-size-default\">El mar a Eivissa: aig\u00fces cristal\u00b7lines calmants<\/h1>\t\t\t\t<\/div>\n\t\t\t\t<\/div>\n\t\t\t\t<div class=\"elementor-element elementor-element-46c528ce elementor-widget elementor-widget-text-editor\" data-id=\"46c528ce\" data-element_type=\"widget\" data-e-type=\"widget\" data-widget_type=\"text-editor.default\">\n\t\t\t\t<div class=\"elementor-widget-container\">\n\t\t\t\t\t\t\t\t\t<p>Les aig\u00fces d'Eivissa s\u00f3n conegudes per la seva claredat cristal\u00b7lina, oferint una vista incomparable sota la superf\u00edcie. La visibilitat aqu\u00ed \u00e9s simplement extraordin\u00e0ria; podeu contemplar a trav\u00e9s del blau brillant i veure directament el fons del mar de sorra. La llum del sol es filtra per l'aigua, creant una dansa de llum enlluernadora que fa que el mar sembli encara m\u00e9s acollidor i m\u00e0gic. Aquest encantador joc de llum al fons de l'oce\u00e0 us convida a submergir-vos i submergir-vos en la seva bellesa.<\/p>\t\t\t\t\t\t\t\t<\/div>\n\t\t\t\t<\/div>\n\t\t\t\t<div class=\"elementor-element elementor-element-da29ec1 elementor-widget elementor-widget-video\" data-id=\"da29ec1\" data-element_type=\"widget\" data-e-type=\"widget\" data-settings=\"{&quot;video_type&quot;:&quot;hosted&quot;,&quot;show_image_overlay&quot;:&quot;yes&quot;,&quot;image_overlay&quot;:{&quot;url&quot;:&quot;https:\\\/\\\/www.canfrareibiza.com\\\/wp-content\\\/uploads\\\/2024\\\/09\\\/ibiza-diving-deep-in-clear-fresh-water-video-still-image.webp&quot;,&quot;id&quot;:4181,&quot;size&quot;:&quot;&quot;,&quot;alt&quot;:&quot;ibiza-diving-deep-in-clear-fresh-water-video-still-image&quot;,&quot;source&quot;:&quot;library&quot;},&quot;controls&quot;:&quot;yes&quot;}\" data-widget_type=\"video.default\">\n\t\t\t\t<div class=\"elementor-widget-container\">\n\t\t\t\t\t\t\t<div class=\"e-hosted-video elementor-wrapper elementor-open-inline\">\n\t\t\t\t\t<video class=\"elementor-video\" src=\"https:\/\/d31x18s77gguqi.cloudfront.net\/Videos\/ibiza-diving-deep-in-clear-fresh-water-video.MP4\" controls=\"\" preload=\"metadata\" controlslist=\"nodownload\"><\/video>\n\t\t\t\t\t\t<div class=\"elementor-custom-embed-image-overlay\" style=\"background-image: url(https:\/\/d31x18s77gguqi.cloudfront.net\/wp-content\/uploads\/2024\/09\/04093921\/ibiza-diving-deep-in-clear-fresh-water-video-still-image.webp);\">\n\t\t\t\t\t\t\t\t\t\t\t\t\t\t\t\t<div class=\"elementor-custom-embed-play\" role=\"button\" aria-label=\"Play Video about ibiza-diving-deep-in-clear-fresh-water-video-still-image\" tabindex=\"0\">\n\t\t\t\t\t\t\t<svg aria-hidden=\"true\" class=\"e-font-icon-svg e-eicon-play\" viewbox=\"0 0 1000 1000\" xmlns=\"http:\/\/www.w3.org\/2000\/svg\"><path d=\"M838 162C746 71 633 25 500 25 371 25 258 71 163 162 71 254 25 367 25 500 25 633 71 746 163 837 254 929 367 979 500 979 633 979 746 933 838 837 929 746 975 633 975 500 975 367 929 254 838 162M808 192C892 279 933 379 933 500 933 621 892 725 808 808 725 892 621 938 500 938 379 938 279 896 196 808 113 725 67 621 67 500 67 379 108 279 196 192 279 108 383 62 500 62 621 62 721 108 808 192M438 392V642L642 517 438 392Z\"><\/path><\/svg>\t\t\t\t\t\t<\/div>\n\t\t\t\t\t\t\t\t\t<\/div>\n\t\t\t\t\t<\/div>\n\t\t\t\t\t\t<\/div>\n\t\t\t\t<\/div>\n\t\t\t\t<div class=\"elementor-element elementor-element-935e4a3 elementor-widget elementor-widget-heading\" data-id=\"935e4a3\" data-element_type=\"widget\" data-e-type=\"widget\" data-widget_type=\"heading.default\">\n\t\t\t\t<div class=\"elementor-widget-container\">\n\t\t\t\t\t<h1 class=\"elementor-heading-title elementor-size-default\">Una escapada refrescant\n<\/h1>\t\t\t\t<\/div>\n\t\t\t\t<\/div>\n\t\t\t\t<div class=\"elementor-element elementor-element-772ecb6 elementor-widget elementor-widget-text-editor\" data-id=\"772ecb6\" data-element_type=\"widget\" data-e-type=\"widget\" data-widget_type=\"text-editor.default\">\n\t\t\t\t<div class=\"elementor-widget-container\">\n\t\t\t\t\t\t\t\t\t<p>Nedar al mar d'Eivissa \u00e9s una experi\u00e8ncia exquisida. L'aigua \u00e9s refrescant i impecablement clara, proporcionant un ambient perfecte per a la relaxaci\u00f3. Tant si est\u00e0s nedant tranquil\u00b7lament com si sures a l'esquena, les condicions pr\u00edstines et permeten relaxar-te completament. La sensaci\u00f3 de l'aigua fresca que t'envolta mentre sures sense esfor\u00e7 \u00e9s alhora relaxant i estimulant. \u00c9s un simple plaer que calma la ment i rejoveneix l'esperit.<\/p>\t\t\t\t\t\t\t\t<\/div>\n\t\t\t\t<\/div>\n\t\t\t\t<div class=\"elementor-element elementor-element-020a2d0 elementor-widget__width-initial elementor-widget elementor-widget-video\" data-id=\"020a2d0\" data-element_type=\"widget\" data-e-type=\"widget\" data-settings=\"{&quot;video_type&quot;:&quot;hosted&quot;,&quot;show_image_overlay&quot;:&quot;yes&quot;,&quot;image_overlay&quot;:{&quot;url&quot;:&quot;https:\\\/\\\/www.canfrareibiza.com\\\/wp-content\\\/uploads\\\/2024\\\/09\\\/ibiza-water-video-still.webp&quot;,&quot;id&quot;:4182,&quot;size&quot;:&quot;&quot;,&quot;alt&quot;:&quot;ibiza-water-video-still&quot;,&quot;source&quot;:&quot;library&quot;},&quot;controls&quot;:&quot;yes&quot;}\" data-widget_type=\"video.default\">\n\t\t\t\t<div class=\"elementor-widget-container\">\n\t\t\t\t\t\t\t<div class=\"e-hosted-video elementor-wrapper elementor-open-inline\">\n\t\t\t\t\t<video class=\"elementor-video\" src=\"https:\/\/d31x18s77gguqi.cloudfront.net\/Videos\/ibiza-water-video.MP4\" controls=\"\" preload=\"metadata\" controlslist=\"nodownload\"><\/video>\n\t\t\t\t\t\t<div class=\"elementor-custom-embed-image-overlay\" style=\"background-image: url(https:\/\/d31x18s77gguqi.cloudfront.net\/wp-content\/uploads\/2024\/09\/04094220\/ibiza-water-video-still.webp);\">\n\t\t\t\t\t\t\t\t\t\t\t\t\t\t\t\t<div class=\"elementor-custom-embed-play\" role=\"button\" aria-label=\"Play Video about ibiza-water-video-still\" tabindex=\"0\">\n\t\t\t\t\t\t\t<svg aria-hidden=\"true\" class=\"e-font-icon-svg e-eicon-play\" viewbox=\"0 0 1000 1000\" xmlns=\"http:\/\/www.w3.org\/2000\/svg\"><path d=\"M838 162C746 71 633 25 500 25 371 25 258 71 163 162 71 254 25 367 25 500 25 633 71 746 163 837 254 929 367 979 500 979 633 979 746 933 838 837 929 746 975 633 975 500 975 367 929 254 838 162M808 192C892 279 933 379 933 500 933 621 892 725 808 808 725 892 621 938 500 938 379 938 279 896 196 808 113 725 67 621 67 500 67 379 108 279 196 192 279 108 383 62 500 62 621 62 721 108 808 192M438 392V642L642 517 438 392Z\"><\/path><\/svg>\t\t\t\t\t\t<\/div>\n\t\t\t\t\t\t\t\t\t<\/div>\n\t\t\t\t\t<\/div>\n\t\t\t\t\t\t<\/div>\n\t\t\t\t<\/div>\n\t\t\t\t<div class=\"elementor-element elementor-element-414feb43 elementor-widget elementor-widget-heading\" data-id=\"414feb43\" data-element_type=\"widget\" data-e-type=\"widget\" data-widget_type=\"heading.default\">\n\t\t\t\t<div class=\"elementor-widget-container\">\n\t\t\t\t\t<h2 class=\"elementor-heading-title elementor-size-default\">Un Moment de Tranquil\u00b7litat\n<\/h2>\t\t\t\t<\/div>\n\t\t\t\t<\/div>\n\t\t\t\t<div class=\"elementor-element elementor-element-24f760cc elementor-widget elementor-widget-text-editor\" data-id=\"24f760cc\" data-element_type=\"widget\" data-e-type=\"widget\" data-widget_type=\"text-editor.default\">\n\t\t\t\t<div class=\"elementor-widget-container\">\n\t\t\t\t\t\t\t\t\t<p>L'acte de nedar en aquestes aig\u00fces clares va m\u00e9s enll\u00e0 de la relaxaci\u00f3 f\u00edsica. T\u00e9 un efecte profund en el teu benestar mental i emocional. Mentre llisques pel mar, les suaus ondulacions i la visi\u00f3 dels reflexos del sol a l'aigua creen una experi\u00e8ncia meditativa. Trobareu que les vostres preocupacions s'allunyen, deixant-vos amb un profund sentit de satisfacci\u00f3 i claredat. Sembla com si estiguessis exactament on necessites estar, perfectament alineat amb el ritme ser\u00e8 del mar.<\/p>\t\t\t\t\t\t\t\t<\/div>\n\t\t\t\t<\/div>\n\t\t\t\t<div class=\"elementor-element elementor-element-e5fa560 elementor-widget__width-initial elementor-widget elementor-widget-video\" data-id=\"e5fa560\" data-element_type=\"widget\" data-e-type=\"widget\" data-settings=\"{&quot;video_type&quot;:&quot;hosted&quot;,&quot;show_image_overlay&quot;:&quot;yes&quot;,&quot;image_overlay&quot;:{&quot;url&quot;:&quot;https:\\\/\\\/www.canfrareibiza.com\\\/wp-content\\\/uploads\\\/2024\\\/09\\\/underwater-ibiza-video-still.webp&quot;,&quot;id&quot;:4183,&quot;size&quot;:&quot;&quot;,&quot;alt&quot;:&quot;underwater-ibiza-video-still&quot;,&quot;source&quot;:&quot;library&quot;},&quot;controls&quot;:&quot;yes&quot;}\" data-widget_type=\"video.default\">\n\t\t\t\t<div class=\"elementor-widget-container\">\n\t\t\t\t\t\t\t<div class=\"e-hosted-video elementor-wrapper elementor-open-inline\">\n\t\t\t\t\t<video class=\"elementor-video\" src=\"https:\/\/d31x18s77gguqi.cloudfront.net\/Videos\/underwater-ibiza-video.mp4\" controls=\"\" preload=\"metadata\" controlslist=\"nodownload\"><\/video>\n\t\t\t\t\t\t<div class=\"elementor-custom-embed-image-overlay\" style=\"background-image: url(https:\/\/d31x18s77gguqi.cloudfront.net\/wp-content\/uploads\/2024\/09\/04094554\/underwater-ibiza-video-still.webp);\">\n\t\t\t\t\t\t\t\t\t\t\t\t\t\t\t\t<div class=\"elementor-custom-embed-play\" role=\"button\" aria-label=\"Play Video about underwater-ibiza-video-still\" tabindex=\"0\">\n\t\t\t\t\t\t\t<svg aria-hidden=\"true\" class=\"e-font-icon-svg e-eicon-play\" viewbox=\"0 0 1000 1000\" xmlns=\"http:\/\/www.w3.org\/2000\/svg\"><path d=\"M838 162C746 71 633 25 500 25 371 25 258 71 163 162 71 254 25 367 25 500 25 633 71 746 163 837 254 929 367 979 500 979 633 979 746 933 838 837 929 746 975 633 975 500 975 367 929 254 838 162M808 192C892 279 933 379 933 500 933 621 892 725 808 808 725 892 621 938 500 938 379 938 279 896 196 808 113 725 67 621 67 500 67 379 108 279 196 192 279 108 383 62 500 62 621 62 721 108 808 192M438 392V642L642 517 438 392Z\"><\/path><\/svg>\t\t\t\t\t\t<\/div>\n\t\t\t\t\t\t\t\t\t<\/div>\n\t\t\t\t\t<\/div>\n\t\t\t\t\t\t<\/div>\n\t\t\t\t<\/div>\n\t\t\t\t<div class=\"elementor-element elementor-element-6da2299f elementor-widget elementor-widget-heading\" data-id=\"6da2299f\" data-element_type=\"widget\" data-e-type=\"widget\" data-widget_type=\"heading.default\">\n\t\t\t\t<div class=\"elementor-widget-container\">\n\t\t\t\t\t<h3 class=\"elementor-heading-title elementor-size-default\">Exploreu les meravelles properes\n<\/h3>\t\t\t\t<\/div>\n\t\t\t\t<\/div>\n\t\t\t\t<div class=\"elementor-element elementor-element-b91c1e8 elementor-widget elementor-widget-text-editor\" data-id=\"b91c1e8\" data-element_type=\"widget\" data-e-type=\"widget\" data-widget_type=\"text-editor.default\">\n\t\t\t\t<div class=\"elementor-widget-container\">\n\t\t\t\t\t\t\t\t\t<p>A pocs minuts de Can Frare, tens l'oportunitat d'explorar algunes de les joies amagades d'Eivissa. La zona dels voltants compta amb una gran varietat de cales a\u00efllades i platges pintoresques, cadascuna amb el seu encant \u00fanic. Tant si decideixes passar el dia prenent el sol a la costa o descobrint un lloc tranquil i amagat, la costa mediterr\u00e0nia us reserva alguna cosa especial. L'aventura \u00e9s a poca dist\u00e0ncia, esperant ser descoberta.<\/p>\t\t\t\t\t\t\t\t<\/div>\n\t\t\t\t<\/div>\n\t\t\t\t<div class=\"elementor-element elementor-element-5f01218 elementor-widget__width-initial elementor-widget elementor-widget-video\" data-id=\"5f01218\" data-element_type=\"widget\" data-e-type=\"widget\" data-settings=\"{&quot;video_type&quot;:&quot;hosted&quot;,&quot;show_image_overlay&quot;:&quot;yes&quot;,&quot;image_overlay&quot;:{&quot;url&quot;:&quot;https:\\\/\\\/www.canfrareibiza.com\\\/wp-content\\\/uploads\\\/2024\\\/09\\\/ibiza-water-video-2-still.webp&quot;,&quot;id&quot;:4185,&quot;size&quot;:&quot;&quot;,&quot;alt&quot;:&quot;ibiza-water-video-2-still&quot;,&quot;source&quot;:&quot;library&quot;},&quot;controls&quot;:&quot;yes&quot;}\" data-widget_type=\"video.default\">\n\t\t\t\t<div class=\"elementor-widget-container\">\n\t\t\t\t\t\t\t<div class=\"e-hosted-video elementor-wrapper elementor-open-inline\">\n\t\t\t\t\t<video class=\"elementor-video\" src=\"https:\/\/d31x18s77gguqi.cloudfront.net\/Videos\/ibiza-water-video-2.mp4\" controls=\"\" preload=\"metadata\" controlslist=\"nodownload\"><\/video>\n\t\t\t\t\t\t<div class=\"elementor-custom-embed-image-overlay\" style=\"background-image: url(https:\/\/d31x18s77gguqi.cloudfront.net\/wp-content\/uploads\/2024\/09\/04094856\/ibiza-water-video-2-still.webp);\">\n\t\t\t\t\t\t\t\t\t\t\t\t\t\t\t\t<div class=\"elementor-custom-embed-play\" role=\"button\" aria-label=\"Play Video about ibiza-water-video-2-still\" tabindex=\"0\">\n\t\t\t\t\t\t\t<svg aria-hidden=\"true\" class=\"e-font-icon-svg e-eicon-play\" viewbox=\"0 0 1000 1000\" xmlns=\"http:\/\/www.w3.org\/2000\/svg\"><path d=\"M838 162C746 71 633 25 500 25 371 25 258 71 163 162 71 254 25 367 25 500 25 633 71 746 163 837 254 929 367 979 500 979 633 979 746 933 838 837 929 746 975 633 975 500 975 367 929 254 838 162M808 192C892 279 933 379 933 500 933 621 892 725 808 808 725 892 621 938 500 938 379 938 279 896 196 808 113 725 67 621 67 500 67 379 108 279 196 192 279 108 383 62 500 62 621 62 721 108 808 192M438 392V642L642 517 438 392Z\"><\/path><\/svg>\t\t\t\t\t\t<\/div>\n\t\t\t\t\t\t\t\t\t<\/div>\n\t\t\t\t\t<\/div>\n\t\t\t\t\t\t<\/div>\n\t\t\t\t<\/div>\n\t\t\t\t<div class=\"elementor-element elementor-element-6a3d0b3 elementor-widget elementor-widget-heading\" data-id=\"6a3d0b3\" data-element_type=\"widget\" data-e-type=\"widget\" data-widget_type=\"heading.default\">\n\t\t\t\t<div class=\"elementor-widget-container\">\n\t\t\t\t\t<h3 class=\"elementor-heading-title elementor-size-default\">Redescobreix la possibilitat\n<\/h3>\t\t\t\t<\/div>\n\t\t\t\t<\/div>\n\t\t\t\t<div class=\"elementor-element elementor-element-7bd7ec1 elementor-widget elementor-widget-text-editor\" data-id=\"7bd7ec1\" data-element_type=\"widget\" data-e-type=\"widget\" data-widget_type=\"text-editor.default\">\n\t\t\t\t<div class=\"elementor-widget-container\">\n\t\t\t\t\t\t\t\t\t<p>En aquestes aig\u00fces cristal\u00b7lines, hi ha una sensaci\u00f3 palpable de renovaci\u00f3 i possibilitat. La serenitat del mar ofereix una perspectiva fresca, que us permet deixar enrere l'estr\u00e8s de la vida quotidiana i abra\u00e7ar el moment. A mesura que us submergiu en aquest entorn tranquil, tot torna a ser possible. La bellesa i la claredat del mar d'Eivissa et recorden que de vegades, tot el que necessites per sentir-te revitalitzat \u00e9s un moment de pau en un lloc realment impressionant.<\/p>\t\t\t\t\t\t\t\t<\/div>\n\t\t\t\t<\/div>\n\t\t\t\t<div class=\"elementor-element elementor-element-4afd565 elementor-widget__width-initial elementor-widget elementor-widget-video\" data-id=\"4afd565\" data-element_type=\"widget\" data-e-type=\"widget\" data-settings=\"{&quot;video_type&quot;:&quot;hosted&quot;,&quot;show_image_overlay&quot;:&quot;yes&quot;,&quot;image_overlay&quot;:{&quot;url&quot;:&quot;https:\\\/\\\/www.canfrareibiza.com\\\/wp-content\\\/uploads\\\/2024\\\/09\\\/fishs-in-ibiza-video-still.webp&quot;,&quot;id&quot;:4186,&quot;size&quot;:&quot;&quot;,&quot;alt&quot;:&quot;fishs-in-ibiza-video-still&quot;,&quot;source&quot;:&quot;library&quot;},&quot;controls&quot;:&quot;yes&quot;}\" data-widget_type=\"video.default\">\n\t\t\t\t<div class=\"elementor-widget-container\">\n\t\t\t\t\t\t\t<div class=\"e-hosted-video elementor-wrapper elementor-open-inline\">\n\t\t\t\t\t<video class=\"elementor-video\" src=\"https:\/\/d31x18s77gguqi.cloudfront.net\/Videos\/fishs-in-ibiza-video.mp4\" controls=\"\" preload=\"metadata\" controlslist=\"nodownload\"><\/video>\n\t\t\t\t\t\t<div class=\"elementor-custom-embed-image-overlay\" style=\"background-image: url(https:\/\/d31x18s77gguqi.cloudfront.net\/wp-content\/uploads\/2024\/09\/04095122\/fishs-in-ibiza-video-still.webp);\">\n\t\t\t\t\t\t\t\t\t\t\t\t\t\t\t\t<div class=\"elementor-custom-embed-play\" role=\"button\" aria-label=\"Play Video about fishs-in-ibiza-video-still\" tabindex=\"0\">\n\t\t\t\t\t\t\t<svg aria-hidden=\"true\" class=\"e-font-icon-svg e-eicon-play\" viewbox=\"0 0 1000 1000\" xmlns=\"http:\/\/www.w3.org\/2000\/svg\"><path d=\"M838 162C746 71 633 25 500 25 371 25 258 71 163 162 71 254 25 367 25 500 25 633 71 746 163 837 254 929 367 979 500 979 633 979 746 933 838 837 929 746 975 633 975 500 975 367 929 254 838 162M808 192C892 279 933 379 933 500 933 621 892 725 808 808 725 892 621 938 500 938 379 938 279 896 196 808 113 725 67 621 67 500 67 379 108 279 196 192 279 108 383 62 500 62 621 62 721 108 808 192M438 392V642L642 517 438 392Z\"><\/path><\/svg>\t\t\t\t\t\t<\/div>\n\t\t\t\t\t\t\t\t\t<\/div>\n\t\t\t\t\t<\/div>\n\t\t\t\t\t\t<\/div>\n\t\t\t\t<\/div>\n\t\t\t\t<div class=\"elementor-element elementor-element-6d99d38 elementor-widget elementor-widget-text-editor\" data-id=\"6d99d38\" data-element_type=\"widget\" data-e-type=\"widget\" data-widget_type=\"text-editor.default\">\n\t\t\t\t<div class=\"elementor-widget-container\">\n\t\t\t\t\t\t\t\t\t<p>Videoografia de Deborah Arpino<\/p>\t\t\t\t\t\t\t\t<\/div>\n\t\t\t\t<\/div>\n\t\t\t\t<div class=\"elementor-element elementor-element-0a2fe47 elementor-widget elementor-widget-html\" data-id=\"0a2fe47\" data-element_type=\"widget\" data-e-type=\"widget\" data-widget_type=\"html.default\">\n\t\t\t\t<div class=\"elementor-widget-container\">\n\t\t\t\t\t<script type=\"application\/ld+json\">{\n    \"@context\": \"https:\\\/\\\/schema.org\",\n    \"@type\": \"Article\",\n    \"headline\": \"The Sea at Ibiza: Calming Crystal Waters\",\n    \"description\": \"Discover the crystal-clear Mediterranean waters surrounding Ibiza, exploring the island's stunning coastline, pristine beaches, and the calming beauty of the sea.\",\n    \"image\": \"https:\\\/\\\/d31x18s77gguqi.cloudfront.net\\\/wp-content\\\/uploads\\\/2024\\\/09\\\/11172842\\\/Ibiza-cystal-clear-water.jpg\",\n    \"author\": {\n        \"@type\": \"Organization\",\n        \"name\": \"Can Frare Ibiza\"\n    },\n    \"publisher\": {\n        \"@type\": \"Organization\",\n        \"name\": \"Can Frare Ibiza\",\n        \"logo\": {\n            \"@type\": \"ImageObject\",\n            \"url\": \"https:\\\/\\\/d31x18s77gguqi.cloudfront.net\\\/wp-content\\\/uploads\\\/2022\\\/04\\\/11172922\\\/Can-Frare-Ibiza-Logo.png\"\n        }\n    },\n    \"datePublished\": \"2024-09-06T16:07:00+00:00\",\n    \"dateModified\": \"2024-09-06T16:07:00+00:00\",\n    \"mainEntityOfPage\": {\n        \"@type\": \"WebPage\",\n        \"@id\": \"https:\\\/\\\/www.canfrareibiza.com\\\/the-sea-at-ibiza-calming-crystal-waters\\\/\"\n    },\n    \"keywords\": \"Ibiza sea, crystal clear water, Mediterranean waters, Ibiza beaches, Ibiza coastline, clear waters Ibiza, beach paradise, Ibiza nature\",\n    \"articleSection\": \"Nature and Scenery\",\n    \"articleBody\": \"The crystal-clear waters surrounding Ibiza are among the Mediterranean's most beautiful. Explore the island's stunning coastline, pristine beaches, and the calming, transparent quality of the sea that makes Ibiza a true paradise for beach lovers and nature enthusiasts.\"\n}<\/script>\t\t\t\t<\/div>\n\t\t\t\t<\/div>\n\t\t\t\t<div class=\"elementor-element elementor-element-7c1ded4 elementor-post-navigation-borders-yes elementor-widget elementor-widget-post-navigation\" data-id=\"7c1ded4\" data-element_type=\"widget\" data-e-type=\"widget\" data-widget_type=\"post-navigation.default\">\n\t\t\t\t<div class=\"elementor-widget-container\">\n\t\t\t\t\t\t\t<div class=\"elementor-post-navigation\" role=\"navigation\" aria-label=\"Post Navigation\">\n\t\t\t<div class=\"elementor-post-navigation__prev elementor-post-navigation__link\">\n\t\t\t\t<a href=\"https:\/\/www.canfrareibiza.com\/ca\/the-timeless-sabina-the-heart-of-can-frare-and-the-spirit-of-ibiza\/\" rel=\"prev\"><span class=\"post-navigation__arrow-wrapper post-navigation__arrow-prev\"><svg aria-hidden=\"true\" class=\"e-font-icon-svg e-fas-angle-left\" viewbox=\"0 0 256 512\" xmlns=\"http:\/\/www.w3.org\/2000\/svg\"><path d=\"M31.7 239l136-136c9.4-9.4 24.6-9.4 33.9 0l22.6 22.6c9.4 9.4 9.4 24.6 0 33.9L127.9 256l96.4 96.4c9.4 9.4 9.4 24.6 0 33.9L201.7 409c-9.4 9.4-24.6 9.4-33.9 0l-136-136c-9.5-9.4-9.5-24.6-.1-34z\"><\/path><\/svg><span class=\"elementor-screen-only\">Prev<\/span><\/span><span class=\"elementor-post-navigation__link__prev\"><span class=\"post-navigation__prev--label\">Anterior<\/span><span class=\"post-navigation__prev--title\">La Sabina intemporal: el cor de Can Frare i l'esperit d'Eivissa<\/span><\/span><\/a>\t\t\t<\/div>\n\t\t\t\t\t\t\t<div class=\"elementor-post-navigation__separator-wrapper\">\n\t\t\t\t\t<div class=\"elementor-post-navigation__separator\"><\/div>\n\t\t\t\t<\/div>\n\t\t\t\t\t\t<div class=\"elementor-post-navigation__next elementor-post-navigation__link\">\n\t\t\t\t<a href=\"https:\/\/www.canfrareibiza.com\/ca\/francis-and-sophies-magical-wedding-at-can-frare-ibiza\/\" rel=\"next\"><span class=\"elementor-post-navigation__link__next\"><span class=\"post-navigation__next--label\">Pr\u00f2xim<\/span><span class=\"post-navigation__next--title\">El casament m\u00e0gic de Francis i Sophie a Can Frare Eivissa<\/span><\/span><span class=\"post-navigation__arrow-wrapper post-navigation__arrow-next\"><svg aria-hidden=\"true\" class=\"e-font-icon-svg e-fas-angle-right\" viewbox=\"0 0 256 512\" xmlns=\"http:\/\/www.w3.org\/2000\/svg\"><path d=\"M224.3 273l-136 136c-9.4 9.4-24.6 9.4-33.9 0l-22.6-22.6c-9.4-9.4-9.4-24.6 0-33.9l96.4-96.4-96.4-96.4c-9.4-9.4-9.4-24.6 0-33.9L54.3 103c9.4-9.4 24.6-9.4 33.9 0l136 136c9.5 9.4 9.5 24.6.1 34z\"><\/path><\/svg><span class=\"elementor-screen-only\">Pr\u00f2xim<\/span><\/span><\/a>\t\t\t<\/div>\n\t\t<\/div>\n\t\t\t\t\t\t<\/div>\n\t\t\t\t<\/div>\n\t\t\t\t\t<\/div>\n\t\t\t\t<\/div>\n\t\t\t\t<\/div>","protected":false},"excerpt":{"rendered":"<p>Les aig\u00fces d'Eivissa s\u00f3n conegudes per la seva claredat cristal\u00b7lina, oferint una vista incomparable sota la superf\u00edcie. La visibilitat aqu\u00ed \u00e9s simplement extraordin\u00e0ria; podeu contemplar a trav\u00e9s del blau brillant i veure directament el fons del mar de sorra. La llum del sol es filtra per l'aigua, creant una dansa de llum enlluernadora que fa que el mar sembli encara m\u00e9s acollidor i m\u00e0gic. Aquest encantador joc de llum al fons de l'oce\u00e0 us convida a submergir-vos i submergir-vos en la seva bellesa.<\/p>","protected":false},"author":1,"featured_media":3716,"comment_status":"closed","ping_status":"closed","sticky":false,"template":"elementor_header_footer","format":"standard","meta":{"footnotes":""},"categories":[29,7],"tags":[],"class_list":["post-3715","post","type-post","status-publish","format-standard","has-post-thumbnail","hentry","category-nature-and-scenery","category-news"],"_links":{"self":[{"href":"https:\/\/www.canfrareibiza.com\/ca\/wp-json\/wp\/v2\/posts\/3715","targetHints":{"allow":["GET"]}}],"collection":[{"href":"https:\/\/www.canfrareibiza.com\/ca\/wp-json\/wp\/v2\/posts"}],"about":[{"href":"https:\/\/www.canfrareibiza.com\/ca\/wp-json\/wp\/v2\/types\/post"}],"author":[{"embeddable":true,"href":"https:\/\/www.canfrareibiza.com\/ca\/wp-json\/wp\/v2\/users\/1"}],"replies":[{"embeddable":true,"href":"https:\/\/www.canfrareibiza.com\/ca\/wp-json\/wp\/v2\/comments?post=3715"}],"version-history":[{"count":0,"href":"https:\/\/www.canfrareibiza.com\/ca\/wp-json\/wp\/v2\/posts\/3715\/revisions"}],"wp:featuredmedia":[{"embeddable":true,"href":"https:\/\/www.canfrareibiza.com\/ca\/wp-json\/wp\/v2\/media\/3716"}],"wp:attachment":[{"href":"https:\/\/www.canfrareibiza.com\/ca\/wp-json\/wp\/v2\/media?parent=3715"}],"wp:term":[{"taxonomy":"category","embeddable":true,"href":"https:\/\/www.canfrareibiza.com\/ca\/wp-json\/wp\/v2\/categories?post=3715"},{"taxonomy":"post_tag","embeddable":true,"href":"https:\/\/www.canfrareibiza.com\/ca\/wp-json\/wp\/v2\/tags?post=3715"}],"curies":[{"name":"wp","href":"https:\/\/api.w.org\/{rel}","templated":true}]}}