{"id":3701,"date":"2024-08-30T08:13:49","date_gmt":"2024-08-30T08:13:49","guid":{"rendered":"https:\/\/www.canfrareibiza.com\/?p=3701"},"modified":"2025-12-06T14:05:13","modified_gmt":"2025-12-06T14:05:13","slug":"the-name-behind-the-legacy-understanding-can-frare","status":"publish","type":"post","link":"https:\/\/www.canfrareibiza.com\/es\/the-name-behind-the-legacy-understanding-can-frare\/","title":{"rendered":"El nombre tras el legado: Comprender \u00abCan Frare"},"content":{"rendered":"<div data-elementor-type=\"wp-post\" data-elementor-id=\"3701\" class=\"elementor elementor-3701\" data-elementor-post-type=\"post\">\n\t\t\t\t<div class=\"elementor-element elementor-element-53f27880 e-flex e-con-boxed e-con e-parent\" data-id=\"53f27880\" data-element_type=\"container\" data-e-type=\"container\">\n\t\t\t\t\t<div class=\"e-con-inner\">\n\t\t\t\t<div class=\"elementor-element elementor-element-1ce97477 elementor-widget elementor-widget-heading\" data-id=\"1ce97477\" data-element_type=\"widget\" data-e-type=\"widget\" data-widget_type=\"heading.default\">\n\t\t\t\t<div class=\"elementor-widget-container\">\n\t\t\t\t\t<h1 class=\"elementor-heading-title elementor-size-default\">El nombre tras el legado: Comprender \u00abCan Frare<\/h1>\t\t\t\t<\/div>\n\t\t\t\t<\/div>\n\t\t\t\t<div class=\"elementor-element elementor-element-bca84e8 elementor-widget elementor-widget-image\" data-id=\"bca84e8\" data-element_type=\"widget\" data-e-type=\"widget\" data-widget_type=\"image.default\">\n\t\t\t\t<div class=\"elementor-widget-container\">\n\t\t\t\t\t\t\t\t\t\t\t\t\t\t\t<img fetchpriority=\"high\" decoding=\"async\" width=\"1200\" height=\"800\" src=\"https:\/\/d31x18s77gguqi.cloudfront.net\/wp-content\/uploads\/2024\/05\/11172857\/can-frare-luxury-Ibiza-villa-entrance.jpg\" class=\"attachment-full size-full wp-image-3599\" alt=\"can frare luxury Ibiza villa entrance with sofa and flowers\" srcset=\"https:\/\/d31x18s77gguqi.cloudfront.net\/wp-content\/uploads\/2024\/05\/11172857\/can-frare-luxury-Ibiza-villa-entrance.jpg 1200w, https:\/\/d31x18s77gguqi.cloudfront.net\/wp-content\/uploads\/2024\/05\/11172857\/can-frare-luxury-Ibiza-villa-entrance-300x200.webp 300w, https:\/\/d31x18s77gguqi.cloudfront.net\/wp-content\/uploads\/2024\/05\/11172857\/can-frare-luxury-Ibiza-villa-entrance-1024x683.webp 1024w, https:\/\/d31x18s77gguqi.cloudfront.net\/wp-content\/uploads\/2024\/05\/11172857\/can-frare-luxury-Ibiza-villa-entrance-768x512.webp 768w, https:\/\/d31x18s77gguqi.cloudfront.net\/wp-content\/uploads\/2024\/05\/11172857\/can-frare-luxury-Ibiza-villa-entrance-18x12.webp 18w\" sizes=\"(max-width: 1200px) 100vw, 1200px\" \/>\t\t\t\t\t\t\t\t\t\t\t\t\t\t\t<\/div>\n\t\t\t\t<\/div>\n\t\t\t\t<div class=\"elementor-element elementor-element-655279fb elementor-widget elementor-widget-text-editor\" data-id=\"655279fb\" data-element_type=\"widget\" data-e-type=\"widget\" data-widget_type=\"text-editor.default\">\n\t\t\t\t<div class=\"elementor-widget-container\">\n\t\t\t\t\t\t\t\t\t<p>En las soleadas colinas de Ibiza se alza una casa cuyo nombre tiene un profundo significado: Can Frare. Pero para apreciar plenamente el significado de este nombre, es esencial entender las propias palabras y la rica narrativa que encierran.<\/p><p>El nombre \u00abCan Frare\u00bb es mucho m\u00e1s que una etiqueta; es un testimonio de la historia y el legado perdurable de la familia Prats, que ha habitado esta casa durante siglos. En catal\u00e1n, la palabra\u00a0<b>\u00abcan\u00bb<\/b>\u00a0es una forma abreviada de\u00a0<b>\u00abcasa de\u00bb<\/b>\u00a0que en espa\u00f1ol se traduce como \u00abcasa de\u00bb. Este t\u00e9rmino no se refiere \u00fanicamente a una vivienda f\u00edsica, sino que est\u00e1 profundamente arraigado en el tejido cultural de Catalu\u00f1a y las Islas Baleares, incluida Ibiza. Significa una profunda conexi\u00f3n con un linaje familiar concreto, que vincula la casa a la identidad y la historia de quienes han vivido en ella a lo largo de generaciones.<\/p><p>La segunda parte del nombre,\u00a0<b>\u00abfrare,\u00bb<\/b>\u00a0significa \u00abmonje\u00bb o \u00abfraile\u00bb en catal\u00e1n. Esta palabra evoca im\u00e1genes de devoci\u00f3n, sencillez y una vida dedicada a ideales m\u00e1s elevados.<\/p><p>\u00a0En conjunto, \u00abCan Frare\u00bb significa literalmente \u00abLa Casa del Monje\u00bb, un nombre que refleja tanto la historia familiar asociada a la propiedad como sus profundas ra\u00edces culturales.<\/p>\t\t\t\t\t\t\t\t<\/div>\n\t\t\t\t<\/div>\n\t\t\t\t<div class=\"elementor-element elementor-element-b43121a elementor-widget elementor-widget-image\" data-id=\"b43121a\" data-element_type=\"widget\" data-e-type=\"widget\" data-widget_type=\"image.default\">\n\t\t\t\t<div class=\"elementor-widget-container\">\n\t\t\t\t\t\t\t\t\t\t\t\t\t\t\t<img decoding=\"async\" width=\"1000\" height=\"1492\" src=\"https:\/\/d31x18s77gguqi.cloudfront.net\/wp-content\/uploads\/2023\/11\/11172903\/The-Prats-family-owners-for-generations.webp\" class=\"attachment-full size-full wp-image-3509\" alt=\"The Prats family owners for generations on a white horse next to a stone wall\" srcset=\"https:\/\/d31x18s77gguqi.cloudfront.net\/wp-content\/uploads\/2023\/11\/11172903\/The-Prats-family-owners-for-generations.webp 1000w, https:\/\/d31x18s77gguqi.cloudfront.net\/wp-content\/uploads\/2023\/11\/11172903\/The-Prats-family-owners-for-generations-201x300.webp 201w, https:\/\/d31x18s77gguqi.cloudfront.net\/wp-content\/uploads\/2023\/11\/11172903\/The-Prats-family-owners-for-generations-686x1024.webp 686w, https:\/\/d31x18s77gguqi.cloudfront.net\/wp-content\/uploads\/2023\/11\/11172903\/The-Prats-family-owners-for-generations-768x1146.webp 768w, https:\/\/d31x18s77gguqi.cloudfront.net\/wp-content\/uploads\/2023\/11\/11172903\/The-Prats-family-owners-for-generations-8x12.webp 8w\" sizes=\"(max-width: 1000px) 100vw, 1000px\" \/>\t\t\t\t\t\t\t\t\t\t\t\t\t\t\t<\/div>\n\t\t\t\t<\/div>\n\t\t\t\t<div class=\"elementor-element elementor-element-4aa63062 elementor-widget elementor-widget-heading\" data-id=\"4aa63062\" data-element_type=\"widget\" data-e-type=\"widget\" data-widget_type=\"heading.default\">\n\t\t\t\t<div class=\"elementor-widget-container\">\n\t\t\t\t\t<h2 class=\"elementor-heading-title elementor-size-default\">Can Frare - Origen del nombre<\/h2>\t\t\t\t<\/div>\n\t\t\t\t<\/div>\n\t\t\t\t<div class=\"elementor-element elementor-element-323af24 elementor-widget elementor-widget-text-editor\" data-id=\"323af24\" data-element_type=\"widget\" data-e-type=\"widget\" data-widget_type=\"text-editor.default\">\n\t\t\t\t<div class=\"elementor-widget-container\">\n\t\t\t\t\t\t\t\t\t<p>Los or\u00edgenes de este nombre est\u00e1n ligados a una conmovedora historia familiar. Hace generaciones, uno de los antepasados de la familia Prats se enfrent\u00f3 a la posibilidad de perder a su hijo peque\u00f1o a causa de una grave enfermedad. En su desesperaci\u00f3n, hicieron un voto sagrado: si su hijo sobreviv\u00eda, dedicar\u00edan su vida a Dios, asegur\u00e1ndose de que se convertir\u00eda en un monje, un frare. Milagrosamente, el ni\u00f1o se recuper\u00f3 y, fieles a su palabra, los padres cumplieron su voto y lo enviaron a la vida mon\u00e1stica. A partir de ese d\u00eda, la casa pas\u00f3 a llamarse \u00abCan Frare\u00bb, un nombre que recuerda permanentemente esta solemne promesa y la vida que salv\u00f3.<\/p><p>Sin embargo, la historia de Can Frare no se limita a este voto. La casa en s\u00ed, tal y como es hoy, es la culminaci\u00f3n de siglos de trabajo, amor y dedicaci\u00f3n. La familia Prats invirti\u00f3 un esfuerzo inconmensurable en la construcci\u00f3n y el mantenimiento de su casa. A lo largo de generaciones, construyeron terrazas sostenidas por muros de piedra que se extienden a lo largo de m\u00e1s de un kil\u00f3metro. Estas terrazas eran esenciales para la agricultura en un terreno accidentado y monta\u00f1oso, y representan un esfuerzo monumental de varias generaciones.<\/p><p>Cuando oyes el nombre \u00abCan Frare\u00bb, no est\u00e1s escuchando simplemente un t\u00edtulo; est\u00e1s conectando con una historia que abarca siglos. Es una historia de fe, familia y un v\u00ednculo inquebrantable con la tierra, una narraci\u00f3n en la que cada piedra, cada pared y cada habitaci\u00f3n llevan consigo el peso de la historia y la promesa del futuro.<\/p><p>Cada hu\u00e9sped que cruza el umbral de Can Frare se convierte en parte de esta historia continua, contribuyendo a un legado que perdurar\u00e1 durante generaciones.<\/p>\t\t\t\t\t\t\t\t<\/div>\n\t\t\t\t<\/div>\n\t\t\t\t<div class=\"elementor-element elementor-element-3ec99f32 elementor-widget elementor-widget-gallery\" data-id=\"3ec99f32\" data-element_type=\"widget\" data-e-type=\"widget\" data-settings=\"{&quot;gallery_layout&quot;:&quot;justified&quot;,&quot;ideal_row_height&quot;:{&quot;unit&quot;:&quot;px&quot;,&quot;size&quot;:326,&quot;sizes&quot;:[]},&quot;ideal_row_height_mobile&quot;:{&quot;unit&quot;:&quot;px&quot;,&quot;size&quot;:406,&quot;sizes&quot;:[]},&quot;ideal_row_height_tablet&quot;:{&quot;unit&quot;:&quot;px&quot;,&quot;size&quot;:500,&quot;sizes&quot;:[]},&quot;lazyload&quot;:&quot;yes&quot;,&quot;ideal_row_height_widescreen&quot;:{&quot;unit&quot;:&quot;px&quot;,&quot;size&quot;:&quot;&quot;,&quot;sizes&quot;:[]},&quot;ideal_row_height_laptop&quot;:{&quot;unit&quot;:&quot;px&quot;,&quot;size&quot;:150,&quot;sizes&quot;:[]},&quot;ideal_row_height_tablet_extra&quot;:{&quot;unit&quot;:&quot;px&quot;,&quot;size&quot;:150,&quot;sizes&quot;:[]},&quot;ideal_row_height_mobile_extra&quot;:{&quot;unit&quot;:&quot;px&quot;,&quot;size&quot;:150,&quot;sizes&quot;:[]},&quot;gap&quot;:{&quot;unit&quot;:&quot;px&quot;,&quot;size&quot;:10,&quot;sizes&quot;:[]},&quot;gap_widescreen&quot;:{&quot;unit&quot;:&quot;px&quot;,&quot;size&quot;:&quot;&quot;,&quot;sizes&quot;:[]},&quot;gap_laptop&quot;:{&quot;unit&quot;:&quot;px&quot;,&quot;size&quot;:10,&quot;sizes&quot;:[]},&quot;gap_tablet_extra&quot;:{&quot;unit&quot;:&quot;px&quot;,&quot;size&quot;:10,&quot;sizes&quot;:[]},&quot;gap_tablet&quot;:{&quot;unit&quot;:&quot;px&quot;,&quot;size&quot;:10,&quot;sizes&quot;:[]},&quot;gap_mobile_extra&quot;:{&quot;unit&quot;:&quot;px&quot;,&quot;size&quot;:10,&quot;sizes&quot;:[]},&quot;gap_mobile&quot;:{&quot;unit&quot;:&quot;px&quot;,&quot;size&quot;:10,&quot;sizes&quot;:[]},&quot;link_to&quot;:&quot;file&quot;,&quot;content_hover_animation&quot;:&quot;fade-in&quot;}\" data-widget_type=\"gallery.default\">\n\t\t\t\t<div class=\"elementor-widget-container\">\n\t\t\t\t\t\t\t<div class=\"elementor-gallery__container\">\n\t\t\t\t\t\t\t<a class=\"e-gallery-item elementor-gallery-item elementor-animated-content\" href=\"https:\/\/d31x18s77gguqi.cloudfront.net\/wp-content\/uploads\/2019\/08\/11172951\/Can-Frare-Ibiza-past-generations.webp\" data-elementor-open-lightbox=\"yes\" data-elementor-lightbox-slideshow=\"3ec99f32\" data-elementor-lightbox-title=\"Can Frare Ibiza past generations\" data-e-action-hash=\"#elementor-action%3Aaction%3Dlightbox%26settings%3DeyJpZCI6MzA4MywidXJsIjoiaHR0cHM6XC9cL2QzMXgxOHM3N2dndXFpLmNsb3VkZnJvbnQubmV0XC93cC1jb250ZW50XC91cGxvYWRzXC8yMDE5XC8wOFwvMTExNzI5NTFcL0Nhbi1GcmFyZS1JYml6YS1wYXN0LWdlbmVyYXRpb25zLndlYnAiLCJzbGlkZXNob3ciOiIzZWM5OWYzMiJ9\">\n\t\t\t\t\t<div class=\"e-gallery-image elementor-gallery-item__image\" data-thumbnail=\"https:\/\/d31x18s77gguqi.cloudfront.net\/wp-content\/uploads\/2019\/08\/11172951\/Can-Frare-Ibiza-past-generations.webp\" data-width=\"1000\" data-height=\"670\" aria-label=\"Can Frare Ibiza past generations of women sitting on a step wearing traditional clothing, black and white image\" role=\"img\" ><\/div>\n\t\t\t\t\t\t\t\t\t\t\t\t\t\t<\/a>\n\t\t\t\t\t\t\t<a class=\"e-gallery-item elementor-gallery-item elementor-animated-content\" href=\"https:\/\/d31x18s77gguqi.cloudfront.net\/wp-content\/uploads\/2019\/08\/11172951\/Can-Frare-Ibiza-rustic-living.webp\" data-elementor-open-lightbox=\"yes\" data-elementor-lightbox-slideshow=\"3ec99f32\" data-elementor-lightbox-title=\"Can Frare Ibiza rustic living\" data-e-action-hash=\"#elementor-action%3Aaction%3Dlightbox%26settings%3DeyJpZCI6MzA4MiwidXJsIjoiaHR0cHM6XC9cL2QzMXgxOHM3N2dndXFpLmNsb3VkZnJvbnQubmV0XC93cC1jb250ZW50XC91cGxvYWRzXC8yMDE5XC8wOFwvMTExNzI5NTFcL0Nhbi1GcmFyZS1JYml6YS1ydXN0aWMtbGl2aW5nLndlYnAiLCJzbGlkZXNob3ciOiIzZWM5OWYzMiJ9\">\n\t\t\t\t\t<div class=\"e-gallery-image elementor-gallery-item__image\" data-thumbnail=\"https:\/\/d31x18s77gguqi.cloudfront.net\/wp-content\/uploads\/2019\/08\/11172951\/Can-Frare-Ibiza-rustic-living.webp\" data-width=\"1000\" data-height=\"714\" aria-label=\"Can Frare Ibiza rustic living showing four people enjoying an alfresco meal and drink, black and white image\" role=\"img\" ><\/div>\n\t\t\t\t\t\t\t\t\t\t\t\t\t\t<\/a>\n\t\t\t\t\t\t\t<a class=\"e-gallery-item elementor-gallery-item elementor-animated-content\" href=\"https:\/\/d31x18s77gguqi.cloudfront.net\/wp-content\/uploads\/2019\/08\/11172952\/Can-Frare-Ibiza-the-old-mill-in-operation.webp\" data-elementor-open-lightbox=\"yes\" data-elementor-lightbox-slideshow=\"3ec99f32\" data-elementor-lightbox-title=\"Can Frare Ibiza the old mill in operation\" data-e-action-hash=\"#elementor-action%3Aaction%3Dlightbox%26settings%3DeyJpZCI6MzA4MSwidXJsIjoiaHR0cHM6XC9cL2QzMXgxOHM3N2dndXFpLmNsb3VkZnJvbnQubmV0XC93cC1jb250ZW50XC91cGxvYWRzXC8yMDE5XC8wOFwvMTExNzI5NTJcL0Nhbi1GcmFyZS1JYml6YS10aGUtb2xkLW1pbGwtaW4tb3BlcmF0aW9uLndlYnAiLCJzbGlkZXNob3ciOiIzZWM5OWYzMiJ9\">\n\t\t\t\t\t<div class=\"e-gallery-image elementor-gallery-item__image\" data-thumbnail=\"https:\/\/d31x18s77gguqi.cloudfront.net\/wp-content\/uploads\/2019\/08\/11172952\/Can-Frare-Ibiza-the-old-mill-in-operation.webp\" data-width=\"1000\" data-height=\"713\" aria-label=\"Can Frare Ibiza the old mill in operation, man wearing a black hat with a black horse outside the historic finca\" role=\"img\" ><\/div>\n\t\t\t\t\t\t\t\t\t\t\t\t\t\t<\/a>\n\t\t\t\t\t\t\t<a class=\"e-gallery-item elementor-gallery-item elementor-animated-content\" href=\"https:\/\/d31x18s77gguqi.cloudfront.net\/wp-content\/uploads\/2019\/08\/11172953\/Ibiza-organic-farming-.webp\" data-elementor-open-lightbox=\"yes\" data-elementor-lightbox-slideshow=\"3ec99f32\" data-elementor-lightbox-title=\"Ibiza organic farming\" data-e-action-hash=\"#elementor-action%3Aaction%3Dlightbox%26settings%3DeyJpZCI6MzA4MCwidXJsIjoiaHR0cHM6XC9cL2QzMXgxOHM3N2dndXFpLmNsb3VkZnJvbnQubmV0XC93cC1jb250ZW50XC91cGxvYWRzXC8yMDE5XC8wOFwvMTExNzI5NTNcL0liaXphLW9yZ2FuaWMtZmFybWluZy0ud2VicCIsInNsaWRlc2hvdyI6IjNlYzk5ZjMyIn0%3D\">\n\t\t\t\t\t<div class=\"e-gallery-image elementor-gallery-item__image\" data-thumbnail=\"https:\/\/d31x18s77gguqi.cloudfront.net\/wp-content\/uploads\/2019\/08\/11172953\/Ibiza-organic-farming-.webp\" data-width=\"600\" data-height=\"897\" aria-label=\"Ibiza organic farming showing woman in traditional clothing wearing a hat with three goats standing next to a tree\" role=\"img\" ><\/div>\n\t\t\t\t\t\t\t\t\t\t\t\t\t\t<\/a>\n\t\t\t\t\t\t\t<a class=\"e-gallery-item elementor-gallery-item elementor-animated-content\" href=\"https:\/\/d31x18s77gguqi.cloudfront.net\/wp-content\/uploads\/2019\/08\/11172948\/Can-Frare-ancestors.webp\" data-elementor-open-lightbox=\"yes\" data-elementor-lightbox-slideshow=\"3ec99f32\" data-elementor-lightbox-title=\"Can Frare ancestors\" data-e-action-hash=\"#elementor-action%3Aaction%3Dlightbox%26settings%3DeyJpZCI6MzA5MCwidXJsIjoiaHR0cHM6XC9cL2QzMXgxOHM3N2dndXFpLmNsb3VkZnJvbnQubmV0XC93cC1jb250ZW50XC91cGxvYWRzXC8yMDE5XC8wOFwvMTExNzI5NDhcL0Nhbi1GcmFyZS1hbmNlc3RvcnMud2VicCIsInNsaWRlc2hvdyI6IjNlYzk5ZjMyIn0%3D\">\n\t\t\t\t\t<div class=\"e-gallery-image elementor-gallery-item__image\" data-thumbnail=\"https:\/\/d31x18s77gguqi.cloudfront.net\/wp-content\/uploads\/2019\/08\/11172948\/Can-Frare-ancestors.webp\" data-width=\"600\" data-height=\"902\" aria-label=\"Can Frare ancestors shows woman dressed in black holding a black umbrella\" role=\"img\" ><\/div>\n\t\t\t\t\t\t\t\t\t\t\t\t\t\t<\/a>\n\t\t\t\t\t<\/div>\n\t\t\t\t\t<\/div>\n\t\t\t\t<\/div>\n\t\t\t\t<div class=\"elementor-element elementor-element-efc2eef elementor-widget elementor-widget-text-editor\" data-id=\"efc2eef\" data-element_type=\"widget\" data-e-type=\"widget\" data-widget_type=\"text-editor.default\">\n\t\t\t\t<div class=\"elementor-widget-container\">\n\t\t\t\t\t\t\t\t\tPara m\u00e1s informaci\u00f3n sobre la rica historia de Can Frare, puede visitar <a href=\"https:\/\/www.canfrareibiza.com\/es\/history-of-can-frare\/\">P\u00e1gina de historia de Can Frare<\/a>.\t\t\t\t\t\t\t\t<\/div>\n\t\t\t\t<\/div>\n\t\t\t\t<div class=\"elementor-element elementor-element-3a6b57e5 elementor-widget elementor-widget-gallery\" data-id=\"3a6b57e5\" data-element_type=\"widget\" data-e-type=\"widget\" data-settings=\"{&quot;gallery_layout&quot;:&quot;justified&quot;,&quot;ideal_row_height&quot;:{&quot;unit&quot;:&quot;px&quot;,&quot;size&quot;:326,&quot;sizes&quot;:[]},&quot;ideal_row_height_mobile&quot;:{&quot;unit&quot;:&quot;px&quot;,&quot;size&quot;:406,&quot;sizes&quot;:[]},&quot;ideal_row_height_tablet&quot;:{&quot;unit&quot;:&quot;px&quot;,&quot;size&quot;:500,&quot;sizes&quot;:[]},&quot;lazyload&quot;:&quot;yes&quot;,&quot;ideal_row_height_widescreen&quot;:{&quot;unit&quot;:&quot;px&quot;,&quot;size&quot;:&quot;&quot;,&quot;sizes&quot;:[]},&quot;ideal_row_height_laptop&quot;:{&quot;unit&quot;:&quot;px&quot;,&quot;size&quot;:150,&quot;sizes&quot;:[]},&quot;ideal_row_height_tablet_extra&quot;:{&quot;unit&quot;:&quot;px&quot;,&quot;size&quot;:150,&quot;sizes&quot;:[]},&quot;ideal_row_height_mobile_extra&quot;:{&quot;unit&quot;:&quot;px&quot;,&quot;size&quot;:150,&quot;sizes&quot;:[]},&quot;gap&quot;:{&quot;unit&quot;:&quot;px&quot;,&quot;size&quot;:10,&quot;sizes&quot;:[]},&quot;gap_widescreen&quot;:{&quot;unit&quot;:&quot;px&quot;,&quot;size&quot;:&quot;&quot;,&quot;sizes&quot;:[]},&quot;gap_laptop&quot;:{&quot;unit&quot;:&quot;px&quot;,&quot;size&quot;:10,&quot;sizes&quot;:[]},&quot;gap_tablet_extra&quot;:{&quot;unit&quot;:&quot;px&quot;,&quot;size&quot;:10,&quot;sizes&quot;:[]},&quot;gap_tablet&quot;:{&quot;unit&quot;:&quot;px&quot;,&quot;size&quot;:10,&quot;sizes&quot;:[]},&quot;gap_mobile_extra&quot;:{&quot;unit&quot;:&quot;px&quot;,&quot;size&quot;:10,&quot;sizes&quot;:[]},&quot;gap_mobile&quot;:{&quot;unit&quot;:&quot;px&quot;,&quot;size&quot;:10,&quot;sizes&quot;:[]},&quot;link_to&quot;:&quot;file&quot;,&quot;content_hover_animation&quot;:&quot;fade-in&quot;}\" data-widget_type=\"gallery.default\">\n\t\t\t\t<div class=\"elementor-widget-container\">\n\t\t\t\t\t\t\t<div class=\"elementor-gallery__container\">\n\t\t\t\t\t\t\t<a class=\"e-gallery-item elementor-gallery-item elementor-animated-content\" href=\"https:\/\/d31x18s77gguqi.cloudfront.net\/wp-content\/uploads\/2019\/08\/11172949\/Can-Frare-farm-work.webp\" data-elementor-open-lightbox=\"yes\" data-elementor-lightbox-slideshow=\"3a6b57e5\" data-elementor-lightbox-title=\"Can Frare farm work\" data-e-action-hash=\"#elementor-action%3Aaction%3Dlightbox%26settings%3DeyJpZCI6MzA4OSwidXJsIjoiaHR0cHM6XC9cL2QzMXgxOHM3N2dndXFpLmNsb3VkZnJvbnQubmV0XC93cC1jb250ZW50XC91cGxvYWRzXC8yMDE5XC8wOFwvMTExNzI5NDlcL0Nhbi1GcmFyZS1mYXJtLXdvcmsud2VicCIsInNsaWRlc2hvdyI6IjNhNmI1N2U1In0%3D\">\n\t\t\t\t\t<div class=\"e-gallery-image elementor-gallery-item__image\" data-thumbnail=\"https:\/\/d31x18s77gguqi.cloudfront.net\/wp-content\/uploads\/2019\/08\/11172949\/Can-Frare-farm-work.webp\" data-width=\"1000\" data-height=\"667\" aria-label=\"Can Frare farm work showing man in check shirt with a white horse in front of the finca\" role=\"img\" ><\/div>\n\t\t\t\t\t\t\t\t\t\t\t\t\t\t<\/a>\n\t\t\t\t\t\t\t<a class=\"e-gallery-item elementor-gallery-item elementor-animated-content\" href=\"https:\/\/d31x18s77gguqi.cloudfront.net\/wp-content\/uploads\/2019\/08\/11172949\/Can-Frare-historic-finca.webp\" data-elementor-open-lightbox=\"yes\" data-elementor-lightbox-slideshow=\"3a6b57e5\" data-elementor-lightbox-title=\"Can Frare historic finca\" data-e-action-hash=\"#elementor-action%3Aaction%3Dlightbox%26settings%3DeyJpZCI6MzA4OCwidXJsIjoiaHR0cHM6XC9cL2QzMXgxOHM3N2dndXFpLmNsb3VkZnJvbnQubmV0XC93cC1jb250ZW50XC91cGxvYWRzXC8yMDE5XC8wOFwvMTExNzI5NDlcL0Nhbi1GcmFyZS1oaXN0b3JpYy1maW5jYS53ZWJwIiwic2xpZGVzaG93IjoiM2E2YjU3ZTUifQ%3D%3D\">\n\t\t\t\t\t<div class=\"e-gallery-image elementor-gallery-item__image\" data-thumbnail=\"https:\/\/d31x18s77gguqi.cloudfront.net\/wp-content\/uploads\/2019\/08\/11172949\/Can-Frare-historic-finca.webp\" data-width=\"600\" data-height=\"902\" aria-label=\"Can Frare historic finca picture showing a woman in traditional clothing wearing a head scarf\" role=\"img\" ><\/div>\n\t\t\t\t\t\t\t\t\t\t\t\t\t\t<\/a>\n\t\t\t\t\t\t\t<a class=\"e-gallery-item elementor-gallery-item elementor-animated-content\" href=\"https:\/\/d31x18s77gguqi.cloudfront.net\/wp-content\/uploads\/2019\/08\/11172950\/Can-Frare-historic-Ibizan-finca-family-home.webp\" data-elementor-open-lightbox=\"yes\" data-elementor-lightbox-slideshow=\"3a6b57e5\" data-elementor-lightbox-title=\"Can Frare historic Ibizan finca family home\" data-e-action-hash=\"#elementor-action%3Aaction%3Dlightbox%26settings%3DeyJpZCI6MzA4NywidXJsIjoiaHR0cHM6XC9cL2QzMXgxOHM3N2dndXFpLmNsb3VkZnJvbnQubmV0XC93cC1jb250ZW50XC91cGxvYWRzXC8yMDE5XC8wOFwvMTExNzI5NTBcL0Nhbi1GcmFyZS1oaXN0b3JpYy1JYml6YW4tZmluY2EtZmFtaWx5LWhvbWUud2VicCIsInNsaWRlc2hvdyI6IjNhNmI1N2U1In0%3D\">\n\t\t\t\t\t<div class=\"e-gallery-image elementor-gallery-item__image\" data-thumbnail=\"https:\/\/d31x18s77gguqi.cloudfront.net\/wp-content\/uploads\/2019\/08\/11172950\/Can-Frare-historic-Ibizan-finca-family-home.webp\" data-width=\"1000\" data-height=\"667\" aria-label=\"Can Frare historic Ibizan finca family home showing five women and one man in traditional clothing sitting on a step, black and white image\" role=\"img\" ><\/div>\n\t\t\t\t\t\t\t\t\t\t\t\t\t\t<\/a>\n\t\t\t\t\t\t\t<a class=\"e-gallery-item elementor-gallery-item elementor-animated-content\" href=\"https:\/\/d31x18s77gguqi.cloudfront.net\/wp-content\/uploads\/2019\/08\/11172950\/Can-Frare-Ibiza-handing-down-to-next-generations.webp\" data-elementor-open-lightbox=\"yes\" data-elementor-lightbox-slideshow=\"3a6b57e5\" data-elementor-lightbox-title=\"Can Frare Ibiza handing down to next generations\" data-e-action-hash=\"#elementor-action%3Aaction%3Dlightbox%26settings%3DeyJpZCI6MzA4NiwidXJsIjoiaHR0cHM6XC9cL2QzMXgxOHM3N2dndXFpLmNsb3VkZnJvbnQubmV0XC93cC1jb250ZW50XC91cGxvYWRzXC8yMDE5XC8wOFwvMTExNzI5NTBcL0Nhbi1GcmFyZS1JYml6YS1oYW5kaW5nLWRvd24tdG8tbmV4dC1nZW5lcmF0aW9ucy53ZWJwIiwic2xpZGVzaG93IjoiM2E2YjU3ZTUifQ%3D%3D\">\n\t\t\t\t\t<div class=\"e-gallery-image elementor-gallery-item__image\" data-thumbnail=\"https:\/\/d31x18s77gguqi.cloudfront.net\/wp-content\/uploads\/2019\/08\/11172950\/Can-Frare-Ibiza-handing-down-to-next-generations.webp\" data-width=\"1000\" data-height=\"666\" aria-label=\"Can Frare Ibiza handing down to next generations showing older man with baby in the finca grounds\" role=\"img\" ><\/div>\n\t\t\t\t\t\t\t\t\t\t\t\t\t\t<\/a>\n\t\t\t\t\t\t\t<a class=\"e-gallery-item elementor-gallery-item elementor-animated-content\" href=\"https:\/\/d31x18s77gguqi.cloudfront.net\/wp-content\/uploads\/2018\/08\/11173031\/Can-Frare-history-grandfather.webp\" data-elementor-open-lightbox=\"yes\" data-elementor-lightbox-slideshow=\"3a6b57e5\" data-elementor-lightbox-title=\"Can-Frare-history-grandfather\" data-e-action-hash=\"#elementor-action%3Aaction%3Dlightbox%26settings%3DeyJpZCI6MjY5NiwidXJsIjoiaHR0cHM6XC9cL2QzMXgxOHM3N2dndXFpLmNsb3VkZnJvbnQubmV0XC93cC1jb250ZW50XC91cGxvYWRzXC8yMDE4XC8wOFwvMTExNzMwMzFcL0Nhbi1GcmFyZS1oaXN0b3J5LWdyYW5kZmF0aGVyLndlYnAiLCJzbGlkZXNob3ciOiIzYTZiNTdlNSJ9\">\n\t\t\t\t\t<div class=\"e-gallery-image elementor-gallery-item__image\" data-thumbnail=\"https:\/\/d31x18s77gguqi.cloudfront.net\/wp-content\/uploads\/2018\/08\/11173031\/Can-Frare-history-grandfather.webp\" data-width=\"600\" data-height=\"400\" aria-label=\"Can Frare history grandfather with grandmother in black and white wearing traditional clothing\" role=\"img\" ><\/div>\n\t\t\t\t\t\t\t\t\t\t\t\t\t\t<\/a>\n\t\t\t\t\t<\/div>\n\t\t\t\t\t<\/div>\n\t\t\t\t<\/div>\n\t\t\t\t<div class=\"elementor-element elementor-element-458bbf6 elementor-widget elementor-widget-html\" data-id=\"458bbf6\" data-element_type=\"widget\" data-e-type=\"widget\" data-widget_type=\"html.default\">\n\t\t\t\t<div class=\"elementor-widget-container\">\n\t\t\t\t\t<script type=\"application\/ld+json\">{\n    \"@context\": \"https:\\\/\\\/schema.org\",\n    \"@type\": \"Article\",\n    \"headline\": \"The Name Behind the Legacy: Understanding 'Can Frare'\",\n    \"description\": \"Discover the meaning and history behind the name Can Frare, exploring the cultural heritage and linguistic roots of this historic Ibizan finca.\",\n    \"image\": \"https:\\\/\\\/d31x18s77gguqi.cloudfront.net\\\/wp-content\\\/uploads\\\/2023\\\/10\\\/11172909\\\/The-History-of-Can-Frare-Ibiza-Image.jpg\",\n    \"author\": {\n        \"@type\": \"Organization\",\n        \"name\": \"Can Frare Ibiza\"\n    },\n    \"publisher\": {\n        \"@type\": \"Organization\",\n        \"name\": \"Can Frare Ibiza\",\n        \"logo\": {\n            \"@type\": \"ImageObject\",\n            \"url\": \"https:\\\/\\\/d31x18s77gguqi.cloudfront.net\\\/wp-content\\\/uploads\\\/2022\\\/04\\\/11172922\\\/Can-Frare-Ibiza-Logo.png\"\n        }\n    },\n    \"datePublished\": \"2024-08-30T10:00:00+00:00\",\n    \"dateModified\": \"2024-08-30T10:00:00+00:00\",\n    \"mainEntityOfPage\": {\n        \"@type\": \"WebPage\",\n        \"@id\": \"https:\\\/\\\/www.canfrareibiza.com\\\/the-name-behind-the-legacy-understanding-can-frare\\\/\"\n    },\n    \"keywords\": \"Can Frare meaning, Ibiza history, Ibizan heritage, Can Frare name, historic finca Ibiza, Catalan culture, Ibiza culture, traditional Ibiza\",\n    \"articleSection\": \"History and Culture\",\n    \"articleBody\": \"The name Can Frare holds deep cultural and historical significance in Ibiza. Exploring the linguistic roots and heritage of this 300-year-old finca reveals the rich traditions of the island and the legacy of the families who have called it home.\"\n}<\/script>\t\t\t\t<\/div>\n\t\t\t\t<\/div>\n\t\t\t\t<div class=\"elementor-element elementor-element-7e6963d elementor-post-navigation-borders-yes elementor-widget elementor-widget-post-navigation\" data-id=\"7e6963d\" data-element_type=\"widget\" data-e-type=\"widget\" data-widget_type=\"post-navigation.default\">\n\t\t\t\t<div class=\"elementor-widget-container\">\n\t\t\t\t\t\t\t<div class=\"elementor-post-navigation\" role=\"navigation\" aria-label=\"Navegaci\u00f3n de la entrada\">\n\t\t\t<div class=\"elementor-post-navigation__prev elementor-post-navigation__link\">\n\t\t\t\t<a href=\"https:\/\/www.canfrareibiza.com\/es\/stand-up-paddleboard-sup\/\" rel=\"prev\"><span class=\"post-navigation__arrow-wrapper post-navigation__arrow-prev\"><svg aria-hidden=\"true\" class=\"e-font-icon-svg e-fas-angle-left\" viewbox=\"0 0 256 512\" xmlns=\"http:\/\/www.w3.org\/2000\/svg\"><path d=\"M31.7 239l136-136c9.4-9.4 24.6-9.4 33.9 0l22.6 22.6c9.4 9.4 9.4 24.6 0 33.9L127.9 256l96.4 96.4c9.4 9.4 9.4 24.6 0 33.9L201.7 409c-9.4 9.4-24.6 9.4-33.9 0l-136-136c-9.5-9.4-9.5-24.6-.1-34z\"><\/path><\/svg><span class=\"elementor-screen-only\">Ant<\/span><\/span><span class=\"elementor-post-navigation__link__prev\"><span class=\"post-navigation__prev--label\">Anterior<\/span><span class=\"post-navigation__prev--title\">Stand Up Paddleboard &#8211; SUP<\/span><\/span><\/a>\t\t\t<\/div>\n\t\t\t\t\t\t\t<div class=\"elementor-post-navigation__separator-wrapper\">\n\t\t\t\t\t<div class=\"elementor-post-navigation__separator\"><\/div>\n\t\t\t\t<\/div>\n\t\t\t\t\t\t<div class=\"elementor-post-navigation__next elementor-post-navigation__link\">\n\t\t\t\t<a href=\"https:\/\/www.canfrareibiza.com\/es\/the-timeless-sabina-the-heart-of-can-frare-and-the-spirit-of-ibiza\/\" rel=\"next\"><span class=\"elementor-post-navigation__link__next\"><span class=\"post-navigation__next--label\">Siguiente<\/span><span class=\"post-navigation__next--title\">La Sabina atemporal: El coraz\u00f3n de Can Frare y el esp\u00edritu de Ibiza<\/span><\/span><span class=\"post-navigation__arrow-wrapper post-navigation__arrow-next\"><svg aria-hidden=\"true\" class=\"e-font-icon-svg e-fas-angle-right\" viewbox=\"0 0 256 512\" xmlns=\"http:\/\/www.w3.org\/2000\/svg\"><path d=\"M224.3 273l-136 136c-9.4 9.4-24.6 9.4-33.9 0l-22.6-22.6c-9.4-9.4-9.4-24.6 0-33.9l96.4-96.4-96.4-96.4c-9.4-9.4-9.4-24.6 0-33.9L54.3 103c9.4-9.4 24.6-9.4 33.9 0l136 136c9.5 9.4 9.5 24.6.1 34z\"><\/path><\/svg><span class=\"elementor-screen-only\">Siguiente<\/span><\/span><\/a>\t\t\t<\/div>\n\t\t<\/div>\n\t\t\t\t\t\t<\/div>\n\t\t\t\t<\/div>\n\t\t\t\t\t<\/div>\n\t\t\t\t<\/div>\n\t\t\t\t<\/div>","protected":false},"excerpt":{"rendered":"<p>En las soleadas colinas de Ibiza se alza una casa cuyo nombre tiene un profundo significado: Can Frare. Pero para apreciar plenamente el significado de este nombre, es esencial entender las propias palabras y la rica narrativa que encierran.<\/p>","protected":false},"author":1,"featured_media":3365,"comment_status":"closed","ping_status":"closed","sticky":false,"template":"elementor_header_footer","format":"standard","meta":{"footnotes":""},"categories":[28,7],"tags":[],"class_list":["post-3701","post","type-post","status-publish","format-standard","has-post-thumbnail","hentry","category-history-and-culture","category-news"],"_links":{"self":[{"href":"https:\/\/www.canfrareibiza.com\/es\/wp-json\/wp\/v2\/posts\/3701","targetHints":{"allow":["GET"]}}],"collection":[{"href":"https:\/\/www.canfrareibiza.com\/es\/wp-json\/wp\/v2\/posts"}],"about":[{"href":"https:\/\/www.canfrareibiza.com\/es\/wp-json\/wp\/v2\/types\/post"}],"author":[{"embeddable":true,"href":"https:\/\/www.canfrareibiza.com\/es\/wp-json\/wp\/v2\/users\/1"}],"replies":[{"embeddable":true,"href":"https:\/\/www.canfrareibiza.com\/es\/wp-json\/wp\/v2\/comments?post=3701"}],"version-history":[{"count":0,"href":"https:\/\/www.canfrareibiza.com\/es\/wp-json\/wp\/v2\/posts\/3701\/revisions"}],"wp:featuredmedia":[{"embeddable":true,"href":"https:\/\/www.canfrareibiza.com\/es\/wp-json\/wp\/v2\/media\/3365"}],"wp:attachment":[{"href":"https:\/\/www.canfrareibiza.com\/es\/wp-json\/wp\/v2\/media?parent=3701"}],"wp:term":[{"taxonomy":"category","embeddable":true,"href":"https:\/\/www.canfrareibiza.com\/es\/wp-json\/wp\/v2\/categories?post=3701"},{"taxonomy":"post_tag","embeddable":true,"href":"https:\/\/www.canfrareibiza.com\/es\/wp-json\/wp\/v2\/tags?post=3701"}],"curies":[{"name":"wp","href":"https:\/\/api.w.org\/{rel}","templated":true}]}}